{"id":4973,"date":"2018-12-19T10:51:46","date_gmt":"2018-12-19T09:51:46","guid":{"rendered":"http:\/\/smwroclaw.pl\/?p=4973"},"modified":"2018-12-19T10:54:22","modified_gmt":"2018-12-19T09:54:22","slug":"jakosc-powietrza-19-grudnia-2018-r","status":"publish","type":"post","link":"https:\/\/smwroclaw.pl\/?p=4973","title":{"rendered":"JAKO\u015a\u0106 POWIETRZA 19 grudnia 2018 r."},"content":{"rendered":"<p class=\"txtLead\" style=\"text-align: justify;\"><span style=\"font-family: georgia, palatino, serif; font-size: 16px;\">W \u015brod\u0119 <strong>19 grudnia<\/strong>, wed\u0142ug danych z godziny <strong>9.00 &#8211; 10.00 (stacja pomiarowa ul.Wi\u015bniowa)<\/strong>, <strong>jako\u015b\u0107 powietrza we Wroc\u0142awiu jest z\u0142a<\/strong>. Osoby nara\u017cone na ryzyko (osoby starsze, dzieci, kobiety w ci\u0105\u017cy, chorzy) powinny unika\u0107 wyj\u015b\u0107 na zewn\u0105trz, pozosta\u0142a populacja powinna je ograniczy\u0107, nie zalecane s\u0105 aktywno\u015bci na zewn\u0105trz.<\/span><\/p>\n<p><img fetchpriority=\"high\" decoding=\"async\" class=\" wp-image-4976 aligncenter\" src=\"https:\/\/smwroclaw.pl\/wp-content\/uploads\/2018\/12\/WIO\u015a.jpg\" alt=\"\" width=\"400\" height=\"346\" srcset=\"https:\/\/smwroclaw.pl\/wp-content\/uploads\/2018\/12\/WIO\u015a.jpg 372w, https:\/\/smwroclaw.pl\/wp-content\/uploads\/2018\/12\/WIO\u015a-300x260.jpg 300w\" sizes=\"(max-width: 400px) 100vw, 400px\" \/><!--more--><img decoding=\"async\" class=\"wp-image-4977 alignright\" src=\"https:\/\/smwroclaw.pl\/wp-content\/uploads\/2018\/12\/wi\u015b-2-.jpg\" alt=\"\" width=\"410\" height=\"246\" srcset=\"https:\/\/smwroclaw.pl\/wp-content\/uploads\/2018\/12\/wi\u015b-2-.jpg 394w, https:\/\/smwroclaw.pl\/wp-content\/uploads\/2018\/12\/wi\u015b-2--300x180.jpg 300w\" sizes=\"(max-width: 410px) 100vw, 410px\" \/><\/p>\n<p>&nbsp;<\/p>\n<p>&nbsp;<\/p>\n<p>&nbsp;<\/p>\n<p>&nbsp;<\/p>\n<p>&nbsp;<\/p>\n<p>&nbsp;<\/p>\n<p>&nbsp;<\/p>\n<p>&nbsp;<\/p>\n<p><span style=\"font-size: 20px;\"><strong>czytaj wi\u0119cej:<\/strong> <a href=\"https:\/\/www.wroclaw.pl\/srodowisko\/zla-jakosc-powietrza-we-wroclawiu\">https:\/\/www.wroclaw.pl\/srodowisko\/zla-jakosc-powietrza-we-wroclawiu<\/a><\/span><\/p>\n","protected":false},"excerpt":{"rendered":"<p>W \u015brod\u0119 19 grudnia, wed\u0142ug danych z godziny 9.00 &#8211; 10.00 (stacja pomiarowa ul.Wi\u015bniowa), jako\u015b\u0107 powietrza we Wroc\u0142awiu jest z\u0142a. Osoby nara\u017cone na ryzyko (osoby starsze, dzieci, kobiety w ci\u0105\u017cy, chorzy) powinny unika\u0107 wyj\u015b\u0107 na zewn\u0105trz, pozosta\u0142a populacja powinna je ograniczy\u0107, nie zalecane s\u0105 aktywno\u015bci na zewn\u0105trz.<\/p>\n","protected":false},"author":4,"featured_media":4985,"comment_status":"closed","ping_status":"closed","sticky":false,"template":"","format":"standard","meta":{"footnotes":""},"categories":[16],"tags":[],"class_list":["post-4973","post","type-post","status-publish","format-standard","has-post-thumbnail","hentry","category-aktual"],"_links":{"self":[{"href":"https:\/\/smwroclaw.pl\/index.php?rest_route=\/wp\/v2\/posts\/4973","targetHints":{"allow":["GET"]}}],"collection":[{"href":"https:\/\/smwroclaw.pl\/index.php?rest_route=\/wp\/v2\/posts"}],"about":[{"href":"https:\/\/smwroclaw.pl\/index.php?rest_route=\/wp\/v2\/types\/post"}],"author":[{"embeddable":true,"href":"https:\/\/smwroclaw.pl\/index.php?rest_route=\/wp\/v2\/users\/4"}],"replies":[{"embeddable":true,"href":"https:\/\/smwroclaw.pl\/index.php?rest_route=%2Fwp%2Fv2%2Fcomments&post=4973"}],"version-history":[{"count":8,"href":"https:\/\/smwroclaw.pl\/index.php?rest_route=\/wp\/v2\/posts\/4973\/revisions"}],"predecessor-version":[{"id":4986,"href":"https:\/\/smwroclaw.pl\/index.php?rest_route=\/wp\/v2\/posts\/4973\/revisions\/4986"}],"wp:featuredmedia":[{"embeddable":true,"href":"https:\/\/smwroclaw.pl\/index.php?rest_route=\/wp\/v2\/media\/4985"}],"wp:attachment":[{"href":"https:\/\/smwroclaw.pl\/index.php?rest_route=%2Fwp%2Fv2%2Fmedia&parent=4973"}],"wp:term":[{"taxonomy":"category","embeddable":true,"href":"https:\/\/smwroclaw.pl\/index.php?rest_route=%2Fwp%2Fv2%2Fcategories&post=4973"},{"taxonomy":"post_tag","embeddable":true,"href":"https:\/\/smwroclaw.pl\/index.php?rest_route=%2Fwp%2Fv2%2Ftags&post=4973"}],"curies":[{"name":"wp","href":"https:\/\/api.w.org\/{rel}","templated":true}]}}