{"id":5811,"date":"2019-02-15T13:10:36","date_gmt":"2019-02-15T12:10:36","guid":{"rendered":"http:\/\/smwroclaw.pl\/?p=5811"},"modified":"2020-02-12T07:21:41","modified_gmt":"2020-02-12T06:21:41","slug":"ferie-ze-straza-relacja","status":"publish","type":"post","link":"https:\/\/smwroclaw.pl\/?p=5811","title":{"rendered":"FERIE ZE STRA\u017b\u0104 2019 &#8211; RELACJA"},"content":{"rendered":"<p><span style=\"font-family: georgia, palatino, serif; font-size: 16px;\">Stra\u017c Miejska Wroc\u0142awia dla wroc\u0142awskich dzieci zorganizowa\u0142a &#8221; Ferie ze Stra\u017c\u0105&#8221; Celem tych dzia\u0142a\u0144 by\u0142o podniesienie \u015bwiadomo\u015bci bezpiecznych zachowa\u0144, zachowa\u0144 prospo\u0142ecznych oraz przekazanie umiej\u0119tno\u015bci funkcjonowania w aglomeracji miejskiej, a tak\u017ce zapewnienie bezpiecznego wypoczynku dzieciom, kt\u00f3re uczestniczy\u0142y w zaj\u0119ciach.<\/span><!--more--><\/p>\n<p style=\"text-align: center;\"><span style=\"font-family: georgia, palatino, serif; font-size: 14px;\"><br \/>\n<iframe src=\"https:\/\/www.youtube.com\/embed\/LCMnxmZGxsM\" width=\"560\" height=\"315\" frameborder=\"0\" allowfullscreen=\"allowfullscreen\"><\/iframe><\/span><\/p>\n<p style=\"text-align: center;\"><span style=\"font-family: georgia, palatino, serif; font-size: 14px;\">FOTORELACJA:<\/span><\/p>\n<p style=\"text-align: center;\"><span style=\"font-family: georgia, palatino, serif; font-size: 14px;\"><a href=\"https:\/\/smwroclaw.pl\/?p=5549\">DZIE\u0143 1<\/a><\/span><\/p>\n<p style=\"text-align: center;\"><span style=\"font-family: georgia, palatino, serif; font-size: 14px;\"><a href=\"https:\/\/smwroclaw.pl\/?p=5588\">DZIE\u0143 2<\/a><\/span><\/p>\n<p style=\"text-align: center;\"><span style=\"font-family: georgia, palatino, serif; font-size: 14px;\"><a href=\"https:\/\/smwroclaw.pl\/?p=5624\">DZIE\u0143 3<\/a><\/span><\/p>\n<p style=\"text-align: center;\"><span style=\"font-family: georgia, palatino, serif; font-size: 14px;\"><a href=\"https:\/\/smwroclaw.pl\/?p=5691\">DZIE\u0143 4<\/a><\/span><\/p>\n<p style=\"text-align: center;\"><span style=\"font-family: georgia, palatino, serif; font-size: 14px;\"><a href=\"https:\/\/smwroclaw.pl\/?p=5737\">DZIE\u0143 5<\/a><\/span><\/p>\n<p><span style=\"font-family: georgia, palatino, serif; font-size: 14px;\">Ka\u017cdy z uczestnik\u00f3w mo\u017ce odebra\u0107 p\u0142yt\u0119 z filmem i zdj\u0119ciami po uprzednim um\u00f3wieniu si\u0119 telefonicznym:<\/span><\/p>\n<p class=\"04StanowiskoAdresata\" style=\"margin-bottom: .0001pt; text-align: left;\" align=\"left\"><span style=\"font-size: 14px; font-family: georgia, palatino, serif;\">Agnieszka B\u0105k<\/span><\/p>\n<p class=\"04StanowiskoAdresata\" style=\"margin-bottom: .0001pt; text-align: left;\" align=\"left\"><span style=\"font-size: 14px; font-family: georgia, palatino, serif;\">Kierownik zespo\u0142u ds. koordynacji program\u00f3w prewencyjnych<br \/>\ntel. 506\u00a0406 876 <\/span><\/p>\n<p>&nbsp;<\/p>\n","protected":false},"excerpt":{"rendered":"<p>Stra\u017c Miejska Wroc\u0142awia dla wroc\u0142awskich dzieci zorganizowa\u0142a &#8221; Ferie ze Stra\u017c\u0105&#8221; Celem tych dzia\u0142a\u0144 by\u0142o podniesienie \u015bwiadomo\u015bci bezpiecznych zachowa\u0144, zachowa\u0144 prospo\u0142ecznych oraz przekazanie umiej\u0119tno\u015bci funkcjonowania w aglomeracji miejskiej, a tak\u017ce zapewnienie bezpiecznego wypoczynku dzieciom, kt\u00f3re uczestniczy\u0142y w zaj\u0119ciach.<\/p>\n","protected":false},"author":3,"featured_media":5808,"comment_status":"closed","ping_status":"closed","sticky":false,"template":"","format":"standard","meta":{"footnotes":""},"categories":[90,33],"tags":[],"class_list":["post-5811","post","type-post","status-publish","format-standard","has-post-thumbnail","hentry","category-fstr","category-prew"],"_links":{"self":[{"href":"https:\/\/smwroclaw.pl\/index.php?rest_route=\/wp\/v2\/posts\/5811","targetHints":{"allow":["GET"]}}],"collection":[{"href":"https:\/\/smwroclaw.pl\/index.php?rest_route=\/wp\/v2\/posts"}],"about":[{"href":"https:\/\/smwroclaw.pl\/index.php?rest_route=\/wp\/v2\/types\/post"}],"author":[{"embeddable":true,"href":"https:\/\/smwroclaw.pl\/index.php?rest_route=\/wp\/v2\/users\/3"}],"replies":[{"embeddable":true,"href":"https:\/\/smwroclaw.pl\/index.php?rest_route=%2Fwp%2Fv2%2Fcomments&post=5811"}],"version-history":[{"count":11,"href":"https:\/\/smwroclaw.pl\/index.php?rest_route=\/wp\/v2\/posts\/5811\/revisions"}],"predecessor-version":[{"id":10031,"href":"https:\/\/smwroclaw.pl\/index.php?rest_route=\/wp\/v2\/posts\/5811\/revisions\/10031"}],"wp:featuredmedia":[{"embeddable":true,"href":"https:\/\/smwroclaw.pl\/index.php?rest_route=\/wp\/v2\/media\/5808"}],"wp:attachment":[{"href":"https:\/\/smwroclaw.pl\/index.php?rest_route=%2Fwp%2Fv2%2Fmedia&parent=5811"}],"wp:term":[{"taxonomy":"category","embeddable":true,"href":"https:\/\/smwroclaw.pl\/index.php?rest_route=%2Fwp%2Fv2%2Fcategories&post=5811"},{"taxonomy":"post_tag","embeddable":true,"href":"https:\/\/smwroclaw.pl\/index.php?rest_route=%2Fwp%2Fv2%2Ftags&post=5811"}],"curies":[{"name":"wp","href":"https:\/\/api.w.org\/{rel}","templated":true}]}}