{"id":5859,"date":"2019-02-20T10:02:50","date_gmt":"2019-02-20T09:02:50","guid":{"rendered":"http:\/\/smwroclaw.pl\/?p=5859"},"modified":"2019-02-20T11:13:10","modified_gmt":"2019-02-20T10:13:10","slug":"ekopatrol-w-dzialaniu-wycieto-60-drzew-przy-ulicy-staroscinskiej","status":"publish","type":"post","link":"https:\/\/smwroclaw.pl\/?p=5859","title":{"rendered":"EKOPATROL W DZIA\u0141ANIU &#8211; wyci\u0119to 60 drzew przy ulicy Staro\u015bci\u0144skiej (zdj\u0119cia)"},"content":{"rendered":"<p style=\"text-align: justify;\"><span style=\"font-family: georgia, palatino, serif; font-size: 16px;\">W dniu <strong>18 lutego 2019 r<\/strong>. patrol stra\u017cnik\u00f3w miejskich z Oddzia\u0142u Ochrony \u015arodowiska, uda\u0142 si\u0119 na <strong>ul. Staro\u015bci\u0144sk\u0105<\/strong> w zwi\u0105zku <strong>ze zg\u0142oszeniem dotycz\u0105cym wycinki drzew w lesie<\/strong>. Na miejscu potwierdzono wycink\u0119, wylegitymowano dw\u00f3ch m\u0119\u017cczyzn,\u00a0 kt\u00f3rzy o\u015bwiadczyli, \u017ce prace zleci\u0142 im w\u0142a\u015bciciel dzia\u0142ki.<\/span><\/p>\n<p><!--more--><\/p>\n<p style=\"text-align: justify;\"><span style=\"font-family: georgia, palatino, serif; font-size: 16px;\">W dniu <strong>19.02.2019 r.<\/strong> na miejsce wycinki przy ulicy Staro\u015bci\u0144skiej,\u00a0 patrol uda\u0142 si\u0119 wsp\u00f3lnie z pracownikiem <strong>Wydzia\u0142u \u015arodowiska i Rolnictwa<\/strong>, potwierdzono \u017ce <strong>wycinka jest niezgodna z przepisami,<\/strong>\u00a0 a nast\u0119pnie przyst\u0105piono do pomiaru \u015bci\u0119tych drzew. Zinwentaryzowano<strong> 60 drzew<\/strong>. Wykonano dokumentacj\u0119 fotograficzn\u0105. Zebrane materia\u0142y dowodowe, zostan\u0105 przekazane do Wydzia\u0142u \u015arodowiska i Rolnictwa UM, kt\u00f3ry b\u0119dzie prowadzi\u0142 dalsze czynno\u015bci.<\/span><\/p>\n<p><img fetchpriority=\"high\" decoding=\"async\" class=\" wp-image-5863 aligncenter\" src=\"https:\/\/smwroclaw.pl\/wp-content\/uploads\/2019\/02\/st-1-Copy.jpg\" alt=\"\" width=\"636\" height=\"358\" srcset=\"https:\/\/smwroclaw.pl\/wp-content\/uploads\/2019\/02\/st-1-Copy.jpg 800w, https:\/\/smwroclaw.pl\/wp-content\/uploads\/2019\/02\/st-1-Copy-300x169.jpg 300w, https:\/\/smwroclaw.pl\/wp-content\/uploads\/2019\/02\/st-1-Copy-768x432.jpg 768w\" sizes=\"(max-width: 636px) 100vw, 636px\" \/><\/p>\n<p><img decoding=\"async\" class=\" wp-image-5864 aligncenter\" src=\"https:\/\/smwroclaw.pl\/wp-content\/uploads\/2019\/02\/st-2-Copy.jpg\" alt=\"\" width=\"636\" height=\"358\" srcset=\"https:\/\/smwroclaw.pl\/wp-content\/uploads\/2019\/02\/st-2-Copy.jpg 800w, https:\/\/smwroclaw.pl\/wp-content\/uploads\/2019\/02\/st-2-Copy-300x169.jpg 300w, https:\/\/smwroclaw.pl\/wp-content\/uploads\/2019\/02\/st-2-Copy-768x432.jpg 768w\" sizes=\"(max-width: 636px) 100vw, 636px\" \/><\/p>\n<p><img decoding=\"async\" class=\" wp-image-5865 aligncenter\" src=\"https:\/\/smwroclaw.pl\/wp-content\/uploads\/2019\/02\/st-3-Copy.jpg\" alt=\"\" width=\"639\" height=\"359\" srcset=\"https:\/\/smwroclaw.pl\/wp-content\/uploads\/2019\/02\/st-3-Copy.jpg 800w, https:\/\/smwroclaw.pl\/wp-content\/uploads\/2019\/02\/st-3-Copy-300x169.jpg 300w, https:\/\/smwroclaw.pl\/wp-content\/uploads\/2019\/02\/st-3-Copy-768x432.jpg 768w\" sizes=\"(max-width: 639px) 100vw, 639px\" \/><\/p>\n<p><strong>wf<\/strong><\/p>\n","protected":false},"excerpt":{"rendered":"<p>W dniu 18 lutego 2019 r. patrol stra\u017cnik\u00f3w miejskich z Oddzia\u0142u Ochrony \u015arodowiska, uda\u0142 si\u0119 na ul. Staro\u015bci\u0144sk\u0105 w zwi\u0105zku ze zg\u0142oszeniem dotycz\u0105cym wycinki drzew w lesie. Na miejscu potwierdzono wycink\u0119, wylegitymowano dw\u00f3ch m\u0119\u017cczyzn,\u00a0 kt\u00f3rzy o\u015bwiadczyli, \u017ce prace zleci\u0142 im w\u0142a\u015bciciel dzia\u0142ki.<\/p>\n","protected":false},"author":4,"featured_media":5863,"comment_status":"closed","ping_status":"closed","sticky":false,"template":"","format":"standard","meta":{"footnotes":""},"categories":[16,52],"tags":[],"class_list":["post-5859","post","type-post","status-publish","format-standard","has-post-thumbnail","hentry","category-aktual","category-ekopatrol"],"_links":{"self":[{"href":"https:\/\/smwroclaw.pl\/index.php?rest_route=\/wp\/v2\/posts\/5859","targetHints":{"allow":["GET"]}}],"collection":[{"href":"https:\/\/smwroclaw.pl\/index.php?rest_route=\/wp\/v2\/posts"}],"about":[{"href":"https:\/\/smwroclaw.pl\/index.php?rest_route=\/wp\/v2\/types\/post"}],"author":[{"embeddable":true,"href":"https:\/\/smwroclaw.pl\/index.php?rest_route=\/wp\/v2\/users\/4"}],"replies":[{"embeddable":true,"href":"https:\/\/smwroclaw.pl\/index.php?rest_route=%2Fwp%2Fv2%2Fcomments&post=5859"}],"version-history":[{"count":5,"href":"https:\/\/smwroclaw.pl\/index.php?rest_route=\/wp\/v2\/posts\/5859\/revisions"}],"predecessor-version":[{"id":5867,"href":"https:\/\/smwroclaw.pl\/index.php?rest_route=\/wp\/v2\/posts\/5859\/revisions\/5867"}],"wp:featuredmedia":[{"embeddable":true,"href":"https:\/\/smwroclaw.pl\/index.php?rest_route=\/wp\/v2\/media\/5863"}],"wp:attachment":[{"href":"https:\/\/smwroclaw.pl\/index.php?rest_route=%2Fwp%2Fv2%2Fmedia&parent=5859"}],"wp:term":[{"taxonomy":"category","embeddable":true,"href":"https:\/\/smwroclaw.pl\/index.php?rest_route=%2Fwp%2Fv2%2Fcategories&post=5859"},{"taxonomy":"post_tag","embeddable":true,"href":"https:\/\/smwroclaw.pl\/index.php?rest_route=%2Fwp%2Fv2%2Ftags&post=5859"}],"curies":[{"name":"wp","href":"https:\/\/api.w.org\/{rel}","templated":true}]}}