{"id":5940,"date":"2019-02-26T08:58:43","date_gmt":"2019-02-26T07:58:43","guid":{"rendered":"http:\/\/smwroclaw.pl\/?p=5940"},"modified":"2019-02-26T08:58:43","modified_gmt":"2019-02-26T07:58:43","slug":"spotkanie-z-klubem-kobiet-dzialania-straznika-osiedla-strachocin-swojczyce-wojnow","status":"publish","type":"post","link":"https:\/\/smwroclaw.pl\/?p=5940","title":{"rendered":"SPOTKANIE Z KLUBEM KOBIET \u2013 dzia\u0142ania Stra\u017cnika Osiedla Strachocin \u2013 Swojczyce \u2013 Wojn\u00f3w"},"content":{"rendered":"<p style=\"text-align: justify;\"><span style=\"font-family: georgia, palatino, serif; font-size: 16px;\">W dniu <strong>22 lutego Stra\u017cnik Osiedla Strachocin \u2013 Swojczyce \u2013 Wojn\u00f3w<\/strong>, <strong>Magdalena Sztuka z Oddzia\u0142u Patrolowo &#8211; Prewencyjnego<\/strong>, spotka\u0142a si\u0119 w siedzibie <strong>Rady Osiedla<\/strong> z przedstawicielkami <strong>\u201eKlubu Kobiet\u201d<\/strong>. Poruszono temat smogu, zakazu palenia niedozwolonymi materia\u0142ami, konieczno\u015bci reagowania i zg\u0142aszania takiego zdarzenia do Stra\u017cy Miejskiej. Rozdano ulotki informacyjne oraz zach\u0119cono mieszkanki do kontaktu telefonicznego\u00a0 lub osobistego ze Stra\u017cnikiem Osiedla oraz do uczestnictwa w dy\u017curach dla mieszka\u0144c\u00f3w.<\/span><\/p>\n<p><!--more--><\/p>\n<p style=\"text-align: justify;\"><span style=\"font-family: georgia, palatino, serif; font-size: 16px;\"> Om\u00f3wiono tak\u017ce bie\u017c\u0105ce problemy osiedla oraz kwestie bezpiecze\u0144stwa kobiet. Panie czynnie bra\u0142y udzia\u0142 w spotkaniu, zadawa\u0142y wiele pyta\u0144 i wsp\u00f3lnie ze swoim stra\u017cnikiem osiedla pr\u00f3bowa\u0142y rozwi\u0105za\u0107 bie\u017c\u0105ce sprawy, dotycz\u0105ce mieszka\u0144c\u00f3w.<\/span><\/p>\n<p style=\"text-align: center;\"><img fetchpriority=\"high\" decoding=\"async\" class=\"alignnone  wp-image-5942\" src=\"https:\/\/smwroclaw.pl\/wp-content\/uploads\/2019\/02\/52688561_541687559675032_4131726103158980608_n-285x300.jpg\" alt=\"\" width=\"371\" height=\"391\" srcset=\"https:\/\/smwroclaw.pl\/wp-content\/uploads\/2019\/02\/52688561_541687559675032_4131726103158980608_n-285x300.jpg 285w, https:\/\/smwroclaw.pl\/wp-content\/uploads\/2019\/02\/52688561_541687559675032_4131726103158980608_n.jpg 707w\" sizes=\"(max-width: 371px) 100vw, 371px\" \/><img decoding=\"async\" class=\"alignnone  wp-image-5941\" src=\"https:\/\/smwroclaw.pl\/wp-content\/uploads\/2019\/02\/52608780_2040680982705875_7282503245237321728_n-300x169.jpg\" alt=\"\" width=\"383\" height=\"216\" srcset=\"https:\/\/smwroclaw.pl\/wp-content\/uploads\/2019\/02\/52608780_2040680982705875_7282503245237321728_n-300x169.jpg 300w, https:\/\/smwroclaw.pl\/wp-content\/uploads\/2019\/02\/52608780_2040680982705875_7282503245237321728_n-768x432.jpg 768w, https:\/\/smwroclaw.pl\/wp-content\/uploads\/2019\/02\/52608780_2040680982705875_7282503245237321728_n.jpg 2048w\" sizes=\"(max-width: 383px) 100vw, 383px\" \/><\/p>\n<p>BD &#8211; Oddzia\u0142 ZP<\/p>\n","protected":false},"excerpt":{"rendered":"<p>W dniu 22 lutego Stra\u017cnik Osiedla Strachocin \u2013 Swojczyce \u2013 Wojn\u00f3w, Magdalena Sztuka z Oddzia\u0142u Patrolowo &#8211; Prewencyjnego, spotka\u0142a si\u0119 w siedzibie Rady Osiedla z przedstawicielkami \u201eKlubu Kobiet\u201d. Poruszono temat smogu, zakazu palenia niedozwolonymi materia\u0142ami, konieczno\u015bci reagowania i zg\u0142aszania takiego zdarzenia do Stra\u017cy Miejskiej. Rozdano ulotki informacyjne oraz zach\u0119cono mieszkanki do kontaktu telefonicznego\u00a0 lub osobistego [&hellip;]<\/p>\n","protected":false},"author":7,"featured_media":5942,"comment_status":"closed","ping_status":"closed","sticky":false,"template":"","format":"standard","meta":{"footnotes":""},"categories":[16],"tags":[],"class_list":["post-5940","post","type-post","status-publish","format-standard","has-post-thumbnail","hentry","category-aktual"],"_links":{"self":[{"href":"https:\/\/smwroclaw.pl\/index.php?rest_route=\/wp\/v2\/posts\/5940","targetHints":{"allow":["GET"]}}],"collection":[{"href":"https:\/\/smwroclaw.pl\/index.php?rest_route=\/wp\/v2\/posts"}],"about":[{"href":"https:\/\/smwroclaw.pl\/index.php?rest_route=\/wp\/v2\/types\/post"}],"author":[{"embeddable":true,"href":"https:\/\/smwroclaw.pl\/index.php?rest_route=\/wp\/v2\/users\/7"}],"replies":[{"embeddable":true,"href":"https:\/\/smwroclaw.pl\/index.php?rest_route=%2Fwp%2Fv2%2Fcomments&post=5940"}],"version-history":[{"count":1,"href":"https:\/\/smwroclaw.pl\/index.php?rest_route=\/wp\/v2\/posts\/5940\/revisions"}],"predecessor-version":[{"id":5943,"href":"https:\/\/smwroclaw.pl\/index.php?rest_route=\/wp\/v2\/posts\/5940\/revisions\/5943"}],"wp:featuredmedia":[{"embeddable":true,"href":"https:\/\/smwroclaw.pl\/index.php?rest_route=\/wp\/v2\/media\/5942"}],"wp:attachment":[{"href":"https:\/\/smwroclaw.pl\/index.php?rest_route=%2Fwp%2Fv2%2Fmedia&parent=5940"}],"wp:term":[{"taxonomy":"category","embeddable":true,"href":"https:\/\/smwroclaw.pl\/index.php?rest_route=%2Fwp%2Fv2%2Fcategories&post=5940"},{"taxonomy":"post_tag","embeddable":true,"href":"https:\/\/smwroclaw.pl\/index.php?rest_route=%2Fwp%2Fv2%2Ftags&post=5940"}],"curies":[{"name":"wp","href":"https:\/\/api.w.org\/{rel}","templated":true}]}}