{"id":5969,"date":"2019-02-27T13:15:49","date_gmt":"2019-02-27T12:15:49","guid":{"rendered":"http:\/\/smwroclaw.pl\/?p=5969"},"modified":"2019-02-27T13:15:49","modified_gmt":"2019-02-27T12:15:49","slug":"historia-samorzadu-wroclawskiego-cykl-zajec-dla-uczniow-zdjecia","status":"publish","type":"post","link":"https:\/\/smwroclaw.pl\/?p=5969","title":{"rendered":"HISTORIA SAMORZ\u0104DU WROC\u0141AWSKIEGO \u2013 cykl zaj\u0119\u0107 dla uczni\u00f3w (zdj\u0119cia)"},"content":{"rendered":"<p style=\"text-align: justify;\"><span style=\"font-family: georgia, palatino, serif; font-size: 16px;\">27 lutego 2019 r. stra\u017cnik miejski, a przy okazji przewodnik miejski \u2013 <strong>Pawe\u0142 Gr\u0105bczewski<\/strong> przeprowadzi\u0142 zaj\u0119cia profilaktyczno \u2013 edukacyjne dla kolejnej grupy uczni\u00f3w <strong>G\u0142\u00f3wnej Szko\u0142y Wojskowej Husarz.<\/strong> Uczestnicy zwiedzali budynek Urz\u0119du Miasta mieszcz\u0105cy si\u0119 w Sukiennicach, w kt\u00f3rym znajduje si\u0119 <strong>sala sesyjna Rady Miejskiej Wroc\u0142awia<\/strong> \u2013\u00a0 uczniowie zapoznali si\u0119 z histori\u0105 i funkcjonowaniem Rady Miasta. Z m\u0142odzie\u017c\u0105 spotka\u0142 si\u0119 Prezydent Wroc\u0142awia<strong> Jacek Sutryk<\/strong>, a tak\u017ce wiceprezydenci <strong>Renata Granowska<\/strong> i <strong>Sebastian Lorenc<\/strong>.<\/span><\/p>\n<p><!--more--><\/p>\n<p>&nbsp;<\/p>\n<p><img fetchpriority=\"high\" decoding=\"async\" class=\" wp-image-5972 aligncenter\" src=\"https:\/\/smwroclaw.pl\/wp-content\/uploads\/2019\/02\/DSC00574-Copy.jpg\" alt=\"\" width=\"601\" height=\"451\" srcset=\"https:\/\/smwroclaw.pl\/wp-content\/uploads\/2019\/02\/DSC00574-Copy.jpg 800w, https:\/\/smwroclaw.pl\/wp-content\/uploads\/2019\/02\/DSC00574-Copy-300x225.jpg 300w, https:\/\/smwroclaw.pl\/wp-content\/uploads\/2019\/02\/DSC00574-Copy-768x576.jpg 768w\" sizes=\"(max-width: 601px) 100vw, 601px\" \/><\/p>\n<p><img decoding=\"async\" class=\" wp-image-5973 aligncenter\" src=\"https:\/\/smwroclaw.pl\/wp-content\/uploads\/2019\/02\/DSC00570-Copy.jpg\" alt=\"\" width=\"606\" height=\"454\" srcset=\"https:\/\/smwroclaw.pl\/wp-content\/uploads\/2019\/02\/DSC00570-Copy.jpg 800w, https:\/\/smwroclaw.pl\/wp-content\/uploads\/2019\/02\/DSC00570-Copy-300x225.jpg 300w, https:\/\/smwroclaw.pl\/wp-content\/uploads\/2019\/02\/DSC00570-Copy-768x576.jpg 768w\" sizes=\"(max-width: 606px) 100vw, 606px\" \/><\/p>\n<p><img decoding=\"async\" class=\" wp-image-5974 aligncenter\" src=\"https:\/\/smwroclaw.pl\/wp-content\/uploads\/2019\/02\/DSC00562-Copy.jpg\" alt=\"\" width=\"606\" height=\"455\" srcset=\"https:\/\/smwroclaw.pl\/wp-content\/uploads\/2019\/02\/DSC00562-Copy.jpg 800w, https:\/\/smwroclaw.pl\/wp-content\/uploads\/2019\/02\/DSC00562-Copy-300x225.jpg 300w, https:\/\/smwroclaw.pl\/wp-content\/uploads\/2019\/02\/DSC00562-Copy-768x576.jpg 768w\" sizes=\"(max-width: 606px) 100vw, 606px\" \/><\/p>\n<p><img loading=\"lazy\" decoding=\"async\" class=\" wp-image-5975 aligncenter\" src=\"https:\/\/smwroclaw.pl\/wp-content\/uploads\/2019\/02\/DSC00561-Copy.jpg\" alt=\"\" width=\"608\" height=\"456\" srcset=\"https:\/\/smwroclaw.pl\/wp-content\/uploads\/2019\/02\/DSC00561-Copy.jpg 800w, https:\/\/smwroclaw.pl\/wp-content\/uploads\/2019\/02\/DSC00561-Copy-300x225.jpg 300w, https:\/\/smwroclaw.pl\/wp-content\/uploads\/2019\/02\/DSC00561-Copy-768x576.jpg 768w\" sizes=\"(max-width: 608px) 100vw, 608px\" \/><\/p>\n<p><img loading=\"lazy\" decoding=\"async\" class=\" wp-image-5976 aligncenter\" src=\"https:\/\/smwroclaw.pl\/wp-content\/uploads\/2019\/02\/DSC00577-Copy.jpg\" alt=\"\" width=\"611\" height=\"458\" srcset=\"https:\/\/smwroclaw.pl\/wp-content\/uploads\/2019\/02\/DSC00577-Copy.jpg 800w, https:\/\/smwroclaw.pl\/wp-content\/uploads\/2019\/02\/DSC00577-Copy-300x225.jpg 300w, https:\/\/smwroclaw.pl\/wp-content\/uploads\/2019\/02\/DSC00577-Copy-768x576.jpg 768w\" sizes=\"(max-width: 611px) 100vw, 611px\" \/><\/p>\n<p><strong>wf<\/strong><\/p>\n","protected":false},"excerpt":{"rendered":"<p>27 lutego 2019 r. stra\u017cnik miejski, a przy okazji przewodnik miejski \u2013 Pawe\u0142 Gr\u0105bczewski przeprowadzi\u0142 zaj\u0119cia profilaktyczno \u2013 edukacyjne dla kolejnej grupy uczni\u00f3w G\u0142\u00f3wnej Szko\u0142y Wojskowej Husarz. Uczestnicy zwiedzali budynek Urz\u0119du Miasta mieszcz\u0105cy si\u0119 w Sukiennicach, w kt\u00f3rym znajduje si\u0119 sala sesyjna Rady Miejskiej Wroc\u0142awia \u2013\u00a0 uczniowie zapoznali si\u0119 z histori\u0105 i funkcjonowaniem Rady Miasta. [&hellip;]<\/p>\n","protected":false},"author":4,"featured_media":5976,"comment_status":"closed","ping_status":"closed","sticky":false,"template":"","format":"standard","meta":{"footnotes":""},"categories":[16],"tags":[],"class_list":["post-5969","post","type-post","status-publish","format-standard","has-post-thumbnail","hentry","category-aktual"],"_links":{"self":[{"href":"https:\/\/smwroclaw.pl\/index.php?rest_route=\/wp\/v2\/posts\/5969","targetHints":{"allow":["GET"]}}],"collection":[{"href":"https:\/\/smwroclaw.pl\/index.php?rest_route=\/wp\/v2\/posts"}],"about":[{"href":"https:\/\/smwroclaw.pl\/index.php?rest_route=\/wp\/v2\/types\/post"}],"author":[{"embeddable":true,"href":"https:\/\/smwroclaw.pl\/index.php?rest_route=\/wp\/v2\/users\/4"}],"replies":[{"embeddable":true,"href":"https:\/\/smwroclaw.pl\/index.php?rest_route=%2Fwp%2Fv2%2Fcomments&post=5969"}],"version-history":[{"count":4,"href":"https:\/\/smwroclaw.pl\/index.php?rest_route=\/wp\/v2\/posts\/5969\/revisions"}],"predecessor-version":[{"id":5978,"href":"https:\/\/smwroclaw.pl\/index.php?rest_route=\/wp\/v2\/posts\/5969\/revisions\/5978"}],"wp:featuredmedia":[{"embeddable":true,"href":"https:\/\/smwroclaw.pl\/index.php?rest_route=\/wp\/v2\/media\/5976"}],"wp:attachment":[{"href":"https:\/\/smwroclaw.pl\/index.php?rest_route=%2Fwp%2Fv2%2Fmedia&parent=5969"}],"wp:term":[{"taxonomy":"category","embeddable":true,"href":"https:\/\/smwroclaw.pl\/index.php?rest_route=%2Fwp%2Fv2%2Fcategories&post=5969"},{"taxonomy":"post_tag","embeddable":true,"href":"https:\/\/smwroclaw.pl\/index.php?rest_route=%2Fwp%2Fv2%2Ftags&post=5969"}],"curies":[{"name":"wp","href":"https:\/\/api.w.org\/{rel}","templated":true}]}}