{"id":5989,"date":"2019-03-04T09:18:04","date_gmt":"2019-03-04T08:18:04","guid":{"rendered":"http:\/\/smwroclaw.pl\/?p=5989"},"modified":"2019-03-04T12:55:53","modified_gmt":"2019-03-04T11:55:53","slug":"zlamana-szpada-sprawca-dewastacji-pomnika-ujety","status":"publish","type":"post","link":"https:\/\/smwroclaw.pl\/?p=5989","title":{"rendered":"Z\u0141AMANA SZPADA &#8211; sprawca dewastacji pomnika uj\u0119ty"},"content":{"rendered":"<p style=\"text-align: justify;\"><span style=\"font-size: 16px;\"><strong>03 marca 2019 r. o godzinie 01.20<\/strong> na pl. Uniwersyteckim \u2013 <strong>operator monitoringu<\/strong> zauwa\u017cy\u0142\u00a0 m\u0119\u017cczyzn\u0119, kt\u00f3ry wszed\u0142 na pomnik Szermierza i <strong>u\u0142ama\u0142 szpad\u0119,<\/strong> a nast\u0119pnie oddali\u0142 si\u0119 w kierunku mostu Uniwersyteckiego. Na miejsce skierowano patrol stra\u017cnik\u00f3w miejskich, kt\u00f3rzy na wysoko\u015bci pl. Bema <strong>uj\u0119li oko\u0142o 20 letniego m\u0119\u017cczyzn\u0119<\/strong> odpowiadaj\u0105cego rysopisowi podanemu przez operatora monitoringu. <strong>M\u0119\u017cczyzna przyzna\u0142 si\u0119 do czynu oraz o\u015bwiadczy\u0142, \u017ce szpad\u0119 wyrzuci\u0142 do kana\u0142u rzeki Odry na mo\u015bcie Uniwersyteckim<\/strong>. Zosta\u0142 przewieziony do Komisariatu Policji. Dalsze czynno\u015bci prowadzi Policja.<\/span><\/p>\n<p><!--more--><\/p>\n<p>wf<\/p>\n","protected":false},"excerpt":{"rendered":"<p>03 marca 2019 r. o godzinie 01.20 na pl. Uniwersyteckim \u2013 operator monitoringu zauwa\u017cy\u0142\u00a0 m\u0119\u017cczyzn\u0119, kt\u00f3ry wszed\u0142 na pomnik Szermierza i u\u0142ama\u0142 szpad\u0119, a nast\u0119pnie oddali\u0142 si\u0119 w kierunku mostu Uniwersyteckiego. Na miejsce skierowano patrol stra\u017cnik\u00f3w miejskich, kt\u00f3rzy na wysoko\u015bci pl. Bema uj\u0119li oko\u0142o 20 letniego m\u0119\u017cczyzn\u0119 odpowiadaj\u0105cego rysopisowi podanemu przez operatora monitoringu. M\u0119\u017cczyzna przyzna\u0142 [&hellip;]<\/p>\n","protected":false},"author":4,"featured_media":5996,"comment_status":"closed","ping_status":"closed","sticky":false,"template":"","format":"standard","meta":{"footnotes":""},"categories":[16],"tags":[],"class_list":["post-5989","post","type-post","status-publish","format-standard","has-post-thumbnail","hentry","category-aktual"],"_links":{"self":[{"href":"https:\/\/smwroclaw.pl\/index.php?rest_route=\/wp\/v2\/posts\/5989","targetHints":{"allow":["GET"]}}],"collection":[{"href":"https:\/\/smwroclaw.pl\/index.php?rest_route=\/wp\/v2\/posts"}],"about":[{"href":"https:\/\/smwroclaw.pl\/index.php?rest_route=\/wp\/v2\/types\/post"}],"author":[{"embeddable":true,"href":"https:\/\/smwroclaw.pl\/index.php?rest_route=\/wp\/v2\/users\/4"}],"replies":[{"embeddable":true,"href":"https:\/\/smwroclaw.pl\/index.php?rest_route=%2Fwp%2Fv2%2Fcomments&post=5989"}],"version-history":[{"count":4,"href":"https:\/\/smwroclaw.pl\/index.php?rest_route=\/wp\/v2\/posts\/5989\/revisions"}],"predecessor-version":[{"id":5998,"href":"https:\/\/smwroclaw.pl\/index.php?rest_route=\/wp\/v2\/posts\/5989\/revisions\/5998"}],"wp:featuredmedia":[{"embeddable":true,"href":"https:\/\/smwroclaw.pl\/index.php?rest_route=\/wp\/v2\/media\/5996"}],"wp:attachment":[{"href":"https:\/\/smwroclaw.pl\/index.php?rest_route=%2Fwp%2Fv2%2Fmedia&parent=5989"}],"wp:term":[{"taxonomy":"category","embeddable":true,"href":"https:\/\/smwroclaw.pl\/index.php?rest_route=%2Fwp%2Fv2%2Fcategories&post=5989"},{"taxonomy":"post_tag","embeddable":true,"href":"https:\/\/smwroclaw.pl\/index.php?rest_route=%2Fwp%2Fv2%2Ftags&post=5989"}],"curies":[{"name":"wp","href":"https:\/\/api.w.org\/{rel}","templated":true}]}}