{"id":5992,"date":"2019-03-04T09:21:50","date_gmt":"2019-03-04T08:21:50","guid":{"rendered":"http:\/\/smwroclaw.pl\/?p=5992"},"modified":"2019-03-04T12:55:32","modified_gmt":"2019-03-04T11:55:32","slug":"fredro-bez-piora-sprawca-ujety-przez-straznikow-miejskich","status":"publish","type":"post","link":"https:\/\/smwroclaw.pl\/?p=5992","title":{"rendered":"FREDRO BEZ PI\u00d3RA &#8211; sprawca uj\u0119ty przez stra\u017cnik\u00f3w miejskich"},"content":{"rendered":"<p style=\"text-align: justify;\"><span style=\"font-family: georgia, palatino, serif; font-size: 16px;\"><strong>01 marca 2019 r.<\/strong> oko\u0142o godziny 06.27 operator monitoringu zauwa\u017cy\u0142 5 m\u0119\u017cczyzn, <strong>kt\u00f3rzy weszli na pomnik Fredry, a jeden z nich z\u0142ama\u0142 pi\u00f3ro.<\/strong> Skierowany na miejsce <strong>patrol stra\u017cnik\u00f3w miejskich uj\u0105\u0142 sprawc\u0119 dewastacji pomnika<\/strong>, kt\u00f3ry zosta\u0142 przewieziony do Komisariatu Policji. Dalsze czynno\u015bci prowadzi Policja.<\/span><\/p>\n<p><!--more--><\/p>\n<p>wf<\/p>\n","protected":false},"excerpt":{"rendered":"<p>01 marca 2019 r. oko\u0142o godziny 06.27 operator monitoringu zauwa\u017cy\u0142 5 m\u0119\u017cczyzn, kt\u00f3rzy weszli na pomnik Fredry, a jeden z nich z\u0142ama\u0142 pi\u00f3ro. Skierowany na miejsce patrol stra\u017cnik\u00f3w miejskich uj\u0105\u0142 sprawc\u0119 dewastacji pomnika, kt\u00f3ry zosta\u0142 przewieziony do Komisariatu Policji. Dalsze czynno\u015bci prowadzi Policja.<\/p>\n","protected":false},"author":4,"featured_media":5202,"comment_status":"closed","ping_status":"closed","sticky":false,"template":"","format":"standard","meta":{"footnotes":""},"categories":[16],"tags":[],"class_list":["post-5992","post","type-post","status-publish","format-standard","has-post-thumbnail","hentry","category-aktual"],"_links":{"self":[{"href":"https:\/\/smwroclaw.pl\/index.php?rest_route=\/wp\/v2\/posts\/5992","targetHints":{"allow":["GET"]}}],"collection":[{"href":"https:\/\/smwroclaw.pl\/index.php?rest_route=\/wp\/v2\/posts"}],"about":[{"href":"https:\/\/smwroclaw.pl\/index.php?rest_route=\/wp\/v2\/types\/post"}],"author":[{"embeddable":true,"href":"https:\/\/smwroclaw.pl\/index.php?rest_route=\/wp\/v2\/users\/4"}],"replies":[{"embeddable":true,"href":"https:\/\/smwroclaw.pl\/index.php?rest_route=%2Fwp%2Fv2%2Fcomments&post=5992"}],"version-history":[{"count":3,"href":"https:\/\/smwroclaw.pl\/index.php?rest_route=\/wp\/v2\/posts\/5992\/revisions"}],"predecessor-version":[{"id":5997,"href":"https:\/\/smwroclaw.pl\/index.php?rest_route=\/wp\/v2\/posts\/5992\/revisions\/5997"}],"wp:featuredmedia":[{"embeddable":true,"href":"https:\/\/smwroclaw.pl\/index.php?rest_route=\/wp\/v2\/media\/5202"}],"wp:attachment":[{"href":"https:\/\/smwroclaw.pl\/index.php?rest_route=%2Fwp%2Fv2%2Fmedia&parent=5992"}],"wp:term":[{"taxonomy":"category","embeddable":true,"href":"https:\/\/smwroclaw.pl\/index.php?rest_route=%2Fwp%2Fv2%2Fcategories&post=5992"},{"taxonomy":"post_tag","embeddable":true,"href":"https:\/\/smwroclaw.pl\/index.php?rest_route=%2Fwp%2Fv2%2Ftags&post=5992"}],"curies":[{"name":"wp","href":"https:\/\/api.w.org\/{rel}","templated":true}]}}