{"id":6009,"date":"2019-03-07T09:12:03","date_gmt":"2019-03-07T08:12:03","guid":{"rendered":"http:\/\/smwroclaw.pl\/?p=6009"},"modified":"2019-03-07T09:12:23","modified_gmt":"2019-03-07T08:12:23","slug":"kradziez-slupkow-miejskich-sprawca-ujety-przez-straznikow-miejskich","status":"publish","type":"post","link":"https:\/\/smwroclaw.pl\/?p=6009","title":{"rendered":"KRADZIE\u017b S\u0141UPK\u00d3W MIEJSKICH \u2013 sprawca uj\u0119ty przez stra\u017cnik\u00f3w"},"content":{"rendered":"<p style=\"text-align: justify;\"><span style=\"font-family: georgia, palatino, serif; font-size: 16px;\">W dniu <strong>06 marca<\/strong> funkcjonariusze <strong>st. insp. Robert R\u0119kawik<\/strong> i <strong>m\u0142. specj. Mariusz Grzymski<\/strong> z <strong>Oddzia\u0142u Patrolowo \u2013 Prewencyjnego Stra\u017cy Miejskiej Wroc\u0142awia<\/strong>, patroluj\u0105c okolice <strong>pl. Solnego<\/strong>, zauwa\u017cyli osob\u0119, kt\u00f3ra na w\u00f3zku wioz\u0142a <strong>s\u0142upki<\/strong>, podobne do tych zamontowanych na wjazdach do Rynku. Patrol niezw\u0142ocznie uda\u0142 si\u0119 za m\u0119\u017cczyzn\u0105, kt\u00f3ry oddala\u0142 si\u0119 Zau\u0142kiem Solnym. Pan zosta\u0142 zatrzymany i na miejscu okaza\u0142o si\u0119, \u017ce przewozi<strong> 4<\/strong> <strong>miejskie s\u0142upki \u017celiwne.<\/strong><\/span><\/p>\n<p><!--more--><\/p>\n<p style=\"text-align: justify;\"><span style=\"font-family: georgia, palatino, serif; font-size: 16px;\"> O\u015bwiadczy\u0142 i\u017c zabra\u0142 je z <strong>ul. Kotlarskiej<\/strong>, gdzie le\u017ca\u0142y na chodniku i wiezie do skupu z\u0142omu, poniewa\u017c jest osob\u0105 bezdomn\u0105 i w ten spos\u00f3b si\u0119 utrzymuje. Na miejsce wezwano patrol Policji, kt\u00f3remu przekazano zatrzymanego. Dalsze czynno\u015bci w sprawie prowadzi Policja.<\/span><\/p>\n<p style=\"text-align: center;\"><img fetchpriority=\"high\" decoding=\"async\" class=\"alignnone wp-image-6010\" src=\"https:\/\/smwroclaw.pl\/wp-content\/uploads\/2019\/03\/06.03.2019-R\u0118KAWIK-GRZYMSKI-225x300.jpg\" alt=\"\" width=\"303\" height=\"404\" srcset=\"https:\/\/smwroclaw.pl\/wp-content\/uploads\/2019\/03\/06.03.2019-R\u0118KAWIK-GRZYMSKI-225x300.jpg 225w, https:\/\/smwroclaw.pl\/wp-content\/uploads\/2019\/03\/06.03.2019-R\u0118KAWIK-GRZYMSKI-768x1024.jpg 768w\" sizes=\"(max-width: 303px) 100vw, 303px\" \/><\/p>\n<p>BD &#8211; Oddzia\u0142 ZP<\/p>\n","protected":false},"excerpt":{"rendered":"<p>W dniu 06 marca funkcjonariusze st. insp. Robert R\u0119kawik i m\u0142. specj. Mariusz Grzymski z Oddzia\u0142u Patrolowo \u2013 Prewencyjnego Stra\u017cy Miejskiej Wroc\u0142awia, patroluj\u0105c okolice pl. Solnego, zauwa\u017cyli osob\u0119, kt\u00f3ra na w\u00f3zku wioz\u0142a s\u0142upki, podobne do tych zamontowanych na wjazdach do Rynku. Patrol niezw\u0142ocznie uda\u0142 si\u0119 za m\u0119\u017cczyzn\u0105, kt\u00f3ry oddala\u0142 si\u0119 Zau\u0142kiem Solnym. Pan zosta\u0142 zatrzymany [&hellip;]<\/p>\n","protected":false},"author":7,"featured_media":6010,"comment_status":"closed","ping_status":"closed","sticky":false,"template":"","format":"standard","meta":{"footnotes":""},"categories":[16],"tags":[],"class_list":["post-6009","post","type-post","status-publish","format-standard","has-post-thumbnail","hentry","category-aktual"],"_links":{"self":[{"href":"https:\/\/smwroclaw.pl\/index.php?rest_route=\/wp\/v2\/posts\/6009","targetHints":{"allow":["GET"]}}],"collection":[{"href":"https:\/\/smwroclaw.pl\/index.php?rest_route=\/wp\/v2\/posts"}],"about":[{"href":"https:\/\/smwroclaw.pl\/index.php?rest_route=\/wp\/v2\/types\/post"}],"author":[{"embeddable":true,"href":"https:\/\/smwroclaw.pl\/index.php?rest_route=\/wp\/v2\/users\/7"}],"replies":[{"embeddable":true,"href":"https:\/\/smwroclaw.pl\/index.php?rest_route=%2Fwp%2Fv2%2Fcomments&post=6009"}],"version-history":[{"count":2,"href":"https:\/\/smwroclaw.pl\/index.php?rest_route=\/wp\/v2\/posts\/6009\/revisions"}],"predecessor-version":[{"id":6012,"href":"https:\/\/smwroclaw.pl\/index.php?rest_route=\/wp\/v2\/posts\/6009\/revisions\/6012"}],"wp:featuredmedia":[{"embeddable":true,"href":"https:\/\/smwroclaw.pl\/index.php?rest_route=\/wp\/v2\/media\/6010"}],"wp:attachment":[{"href":"https:\/\/smwroclaw.pl\/index.php?rest_route=%2Fwp%2Fv2%2Fmedia&parent=6009"}],"wp:term":[{"taxonomy":"category","embeddable":true,"href":"https:\/\/smwroclaw.pl\/index.php?rest_route=%2Fwp%2Fv2%2Fcategories&post=6009"},{"taxonomy":"post_tag","embeddable":true,"href":"https:\/\/smwroclaw.pl\/index.php?rest_route=%2Fwp%2Fv2%2Ftags&post=6009"}],"curies":[{"name":"wp","href":"https:\/\/api.w.org\/{rel}","templated":true}]}}