{"id":6058,"date":"2019-03-12T14:53:55","date_gmt":"2019-03-12T13:53:55","guid":{"rendered":"http:\/\/smwroclaw.pl\/?p=6058"},"modified":"2019-03-12T14:57:28","modified_gmt":"2019-03-12T13:57:28","slug":"odprawa-sluzbowa-strazy-miejskiej-wroclawia-wsrod-zaproszonych-gosci-prezydent-wroclawia-jacek-sutryk","status":"publish","type":"post","link":"https:\/\/smwroclaw.pl\/?p=6058","title":{"rendered":"ODPRAWA S\u0141U\u017bBOWA STRA\u017bY MIEJSKIEJ WROC\u0141AWIA &#8211; w\u015br\u00f3d zaproszonych go\u015bci Prezydent Wroc\u0142awia Jacek Sutryk"},"content":{"rendered":"<p><span style=\"font-family: georgia, palatino, serif; font-size: 16px;\">11 marca 2019 r. o godzinie 12.00 odby\u0142a si\u0119 odprawa s\u0142u\u017cbowa Stra\u017cy Miejskiej Wroc\u0142awia. W pierwszej cz\u0119\u015bci <strong>Komendant Stra\u017cy Miejskiej Wroc\u0142awia Zbigniew S\u0142ysz<\/strong> przedstawi\u0142 <strong>sprawozdanie z realizacji przez stra\u017cnik\u00f3w miejskich zada\u0144 s\u0142u\u017cbowych w 2018 roku<\/strong>. Zosta\u0142y przedstawione i om\u00f3wione, nast\u0119puj\u0105ce zagadnienia:<\/span><\/p>\n<ul>\n<li>STAN KADROWY<\/li>\n<li><span style=\"font-family: georgia, palatino, serif; font-size: 16px;\">OCHRONA PORZ\u0104DKU I SPOKOJU PUBLICZNEGO W ZADANIACH STRA\u017bNIK\u00d3W. ZG\u0141OSZENIA I PODEJMOWANE INTERWENCJE. WYKROCZENIA I \u015aRODKI KARNO &#8211; PRAWNE.<\/span><\/li>\n<li><span style=\"font-family: georgia, palatino, serif; font-size: 16px;\">KONTROLA RUCHU DROGOWEGO. ZAGRO\u017bENIE \u017bYCIA I ZDROWIA. OCHRONA PORZ\u0104DKU I SPOKOJU W MIEJSCACH PUBLICZNYCH.<\/span><\/li>\n<li><span style=\"font-family: georgia, palatino, serif; font-size: 16px;\">DZIA\u0141ANIA W PARKU KULTUROWYM WROC\u0141AW \u201eSTARE MIASTO\u201d.<\/span><\/li>\n<li><span style=\"font-family: georgia, palatino, serif; font-size: 16px;\">DZIA\u0141ANIA NA RZECZ OCHRONY \u015aRODOWISKA I GOSPODARKI ODPADAMI.<\/span><\/li>\n<li><span style=\"font-family: georgia, palatino, serif; font-size: 16px;\">DZIA\u0141ANIA NA WROC\u0141AWSKICH OSIEDLACH.<\/span><\/li>\n<li><span style=\"font-family: georgia, palatino, serif; font-size: 16px;\">REALIZACJA PROGRAM\u00d3W PROFILAKTYCZNYCH I EDUKACYJNYCH W 2018 ROKU.<\/span><\/li>\n<li><span style=\"font-family: georgia, palatino, serif; font-size: 16px;\">PRACA OSKAR\u017bYCIELA PUBLICZNEGO.<\/span><\/li>\n<li><span style=\"font-family: georgia, palatino, serif; font-size: 16px;\">SKARGI NA DZIA\u0141ANIA STRA\u017bNIK\u00d3W.<\/span><\/li>\n<li><span style=\"font-family: georgia, palatino, serif; font-size: 16px;\">BEZPIECZE\u0143STWO I HIGIENA PRACY W STRA\u017bY MIEJSKIEJ WROC\u0141AWIA.<\/span><\/li>\n<\/ul>\n<p><!--more--><\/p>\n<p style=\"text-align: justify;\"><span style=\"font-family: georgia, palatino, serif; font-size: 16px;\">Podsumowanie 2018 roku, ale r\u00f3wnie\u017c nowe zadania, modernizacja i rozw\u00f3j &#8211; o tym rozmawia\u0142 prezydent Jacek Sutryk z funkcjonariuszami Stra\u017cy Miejskiej. Bezpiecze\u0144stwo mieszka\u0144c\u00f3w oraz sprawnie funkcjonuj\u0105ca Stra\u017c Miejska to priorytet dla nowych w\u0142adz miasta.<\/span><\/p>\n<p style=\"text-align: justify;\"><strong><span style=\"font-family: georgia, palatino, serif; font-size: 16px;\">-Dzi\u0119kuj\u0119 wszystkim stra\u017cnikom i zapewniam o moim wsparciu na kolejne lata &#8211; podkre\u015bli\u0142 Jacek Sutryk.<\/span><\/strong><\/p>\n<p><a href=\"https:\/\/www.wroclaw.pl\/prezydent-wroclawia\/odprawa-w-strazy-miejskiej-wroclawia\">https:\/\/www.wroclaw.pl\/prezydent-wroclawia\/odprawa-w-strazy-miejskiej-wroclawia<\/a><\/p>\n<p><img fetchpriority=\"high\" decoding=\"async\" class=\" wp-image-6063 aligncenter\" src=\"https:\/\/smwroclaw.pl\/wp-content\/uploads\/2019\/03\/phpThumb_generated_thumbnail.jpeg\" alt=\"\" width=\"656\" height=\"332\" srcset=\"https:\/\/smwroclaw.pl\/wp-content\/uploads\/2019\/03\/phpThumb_generated_thumbnail.jpeg 790w, https:\/\/smwroclaw.pl\/wp-content\/uploads\/2019\/03\/phpThumb_generated_thumbnail-300x152.jpeg 300w, https:\/\/smwroclaw.pl\/wp-content\/uploads\/2019\/03\/phpThumb_generated_thumbnail-768x389.jpeg 768w\" sizes=\"(max-width: 656px) 100vw, 656px\" \/><\/p>\n<p style=\"text-align: justify;\"><span style=\"font-family: helvetica, arial, sans-serif; font-size: 16px;\"><span style=\"font-family: georgia, palatino, serif;\">Na koniec Prezydent Wroc\u0142awia Jacek Sutryk otrzyma\u0142 DRZEWO \u017bYCZE\u0143.<\/span> W r\u00f3\u017cnych zak\u0105tkach ziemi s\u0105 drzewa, kt\u00f3re pomagaj\u0105 ludziom w spe\u0142nieniu upragnionych marze\u0144 &#8211; to stworzy\u0142y dzieci uczestnicz\u0105ce w Feriach ze Stra\u017c\u0105 Miejsk\u0105 Wroc\u0142awia z my\u015bl\u0105 o swoim Mie\u015bcie.<\/span><\/p>\n<p><img decoding=\"async\" class=\" wp-image-6065 aligncenter\" src=\"https:\/\/smwroclaw.pl\/wp-content\/uploads\/2019\/03\/DRZEWKO-2019-jpg-Copy.jpg\" alt=\"\" width=\"723\" height=\"1023\" srcset=\"https:\/\/smwroclaw.pl\/wp-content\/uploads\/2019\/03\/DRZEWKO-2019-jpg-Copy.jpg 424w, https:\/\/smwroclaw.pl\/wp-content\/uploads\/2019\/03\/DRZEWKO-2019-jpg-Copy-212x300.jpg 212w\" sizes=\"(max-width: 723px) 100vw, 723px\" \/><\/p>\n<p><strong>wf<\/strong><\/p>\n","protected":false},"excerpt":{"rendered":"<p>11 marca 2019 r. o godzinie 12.00 odby\u0142a si\u0119 odprawa s\u0142u\u017cbowa Stra\u017cy Miejskiej Wroc\u0142awia. W pierwszej cz\u0119\u015bci Komendant Stra\u017cy Miejskiej Wroc\u0142awia Zbigniew S\u0142ysz przedstawi\u0142 sprawozdanie z realizacji przez stra\u017cnik\u00f3w miejskich zada\u0144 s\u0142u\u017cbowych w 2018 roku. Zosta\u0142y przedstawione i om\u00f3wione, nast\u0119puj\u0105ce zagadnienia: STAN KADROWY OCHRONA PORZ\u0104DKU I SPOKOJU PUBLICZNEGO W ZADANIACH STRA\u017bNIK\u00d3W. ZG\u0141OSZENIA I PODEJMOWANE INTERWENCJE. [&hellip;]<\/p>\n","protected":false},"author":4,"featured_media":6067,"comment_status":"closed","ping_status":"closed","sticky":false,"template":"","format":"standard","meta":{"footnotes":""},"categories":[16],"tags":[],"class_list":["post-6058","post","type-post","status-publish","format-standard","has-post-thumbnail","hentry","category-aktual"],"_links":{"self":[{"href":"https:\/\/smwroclaw.pl\/index.php?rest_route=\/wp\/v2\/posts\/6058","targetHints":{"allow":["GET"]}}],"collection":[{"href":"https:\/\/smwroclaw.pl\/index.php?rest_route=\/wp\/v2\/posts"}],"about":[{"href":"https:\/\/smwroclaw.pl\/index.php?rest_route=\/wp\/v2\/types\/post"}],"author":[{"embeddable":true,"href":"https:\/\/smwroclaw.pl\/index.php?rest_route=\/wp\/v2\/users\/4"}],"replies":[{"embeddable":true,"href":"https:\/\/smwroclaw.pl\/index.php?rest_route=%2Fwp%2Fv2%2Fcomments&post=6058"}],"version-history":[{"count":15,"href":"https:\/\/smwroclaw.pl\/index.php?rest_route=\/wp\/v2\/posts\/6058\/revisions"}],"predecessor-version":[{"id":6076,"href":"https:\/\/smwroclaw.pl\/index.php?rest_route=\/wp\/v2\/posts\/6058\/revisions\/6076"}],"wp:featuredmedia":[{"embeddable":true,"href":"https:\/\/smwroclaw.pl\/index.php?rest_route=\/wp\/v2\/media\/6067"}],"wp:attachment":[{"href":"https:\/\/smwroclaw.pl\/index.php?rest_route=%2Fwp%2Fv2%2Fmedia&parent=6058"}],"wp:term":[{"taxonomy":"category","embeddable":true,"href":"https:\/\/smwroclaw.pl\/index.php?rest_route=%2Fwp%2Fv2%2Fcategories&post=6058"},{"taxonomy":"post_tag","embeddable":true,"href":"https:\/\/smwroclaw.pl\/index.php?rest_route=%2Fwp%2Fv2%2Ftags&post=6058"}],"curies":[{"name":"wp","href":"https:\/\/api.w.org\/{rel}","templated":true}]}}