{"id":6302,"date":"2020-02-27T14:00:21","date_gmt":"2020-02-27T13:00:21","guid":{"rendered":"http:\/\/smwroclaw.pl\/?p=6302"},"modified":"2020-03-06T10:36:04","modified_gmt":"2020-03-06T09:36:04","slug":"uwaga-kierowcy-6","status":"publish","type":"post","link":"https:\/\/smwroclaw.pl\/?p=6302","title":{"rendered":"UWAGA KIEROWCY! (czytaj dalej)"},"content":{"rendered":"<p style=\"text-align: justify;\"><span style=\"font-family: georgia, palatino, serif; font-size: 16px;\">W tych miejscach w okresie <strong>od 1 do 15 marca 2020r<\/strong>. stra\u017cnicy miejscy, b\u0119d\u0105 prowadzi\u0107 zintensyfikowane dzia\u0142ania prewencyjne, ukierunkowane na wyeliminowanie zagro\u017ce\u0144 w ruchu drogowym i pieszym:<\/span><\/p>\n<p><!--more--><\/p>\n<table border=\"1\" width=\"645\" cellspacing=\"0\" cellpadding=\"4\">\n<colgroup>\n<col width=\"21\" \/>\n<col width=\"106\" \/>\n<col width=\"411\" \/>\n<col width=\"73\" \/> <\/colgroup>\n<tbody>\n<tr valign=\"TOP\">\n<td width=\"21\">\n<p><span style=\"font-family: Verdana, sans-serif;\"><span style=\"font-size: xx-small;\">Lp.<\/span><\/span><\/p>\n<\/td>\n<td width=\"106\">\n<p align=\"CENTER\"><span style=\"font-family: Verdana, sans-serif;\"><span style=\"font-size: xx-small;\">Dzie\u0144<\/span><\/span><\/p>\n<\/td>\n<td width=\"411\">\n<p align=\"CENTER\"><span style=\"font-family: Verdana, sans-serif;\"><span style=\"font-size: xx-small;\">Miejsce<\/span><\/span><\/p>\n<\/td>\n<td width=\"73\">\u00a0<\/td>\n<\/tr>\n<tr valign=\"TOP\">\n<td width=\"21\">\n<p align=\"CENTER\"><span style=\"font-family: georgia, palatino, serif; font-size: 12pt;\">1<\/span><\/p>\n<\/td>\n<td width=\"106\">\n<p align=\"CENTER\"><span style=\"font-family: georgia, palatino, serif; font-size: 12pt;\"><b>1.03.2020<\/b><\/span><\/p>\n<\/td>\n<td width=\"411\">\n<p><span style=\"font-family: georgia, palatino, serif; font-size: 12pt;\">ul. Krasi\u0144skiego przy Poczcie \u2013 parkowanie na chodniku brak 1,5 metra przej\u015bcia dla pieszych<\/span><\/p>\n<\/td>\n<td width=\"73\">\u00a0<\/td>\n<\/tr>\n<tr valign=\"TOP\">\n<td width=\"21\">\n<p align=\"CENTER\"><span style=\"font-family: georgia, palatino, serif; font-size: 12pt;\">2<\/span><\/p>\n<\/td>\n<td width=\"106\">\n<p align=\"CENTER\"><span style=\"font-family: georgia, palatino, serif; font-size: 12pt;\"><b>2.03.2020<\/b><\/span><\/p>\n<\/td>\n<td width=\"411\">\n<p><span style=\"font-family: georgia, palatino, serif; font-size: 12pt;\">ul. R\u00f3\u017cana &#8211; parkowanie na chodnikach brak 1,5 metra przej\u015bcia dla pieszych<\/span><\/p>\n<\/td>\n<td width=\"73\">\u00a0<\/td>\n<\/tr>\n<tr valign=\"TOP\">\n<td width=\"21\">\n<p align=\"CENTER\"><span style=\"font-family: georgia, palatino, serif; font-size: 12pt;\">3<\/span><\/p>\n<\/td>\n<td width=\"106\">\n<p align=\"CENTER\"><span style=\"font-family: georgia, palatino, serif; font-size: 12pt;\"><b>3.03.2020<\/b><\/span><\/p>\n<\/td>\n<td width=\"411\">\n<p><span style=\"font-family: georgia, palatino, serif; font-size: 12pt;\">ul. Ofiar O\u015bwi\u0119cimskich od Gepperta do \u015awidnickiej parkowanie w strefie zamieszkania<\/span><\/p>\n<\/td>\n<td width=\"73\">\u00a0<\/td>\n<\/tr>\n<tr valign=\"TOP\">\n<td width=\"21\">\n<p align=\"CENTER\"><span style=\"font-family: georgia, palatino, serif; font-size: 12pt;\">4<\/span><\/p>\n<\/td>\n<td width=\"106\">\n<p align=\"CENTER\"><span style=\"font-family: georgia, palatino, serif; font-size: 12pt;\"><b>4.03.2020<\/b><\/span><\/p>\n<\/td>\n<td width=\"411\">\n<p><span style=\"font-family: georgia, palatino, serif; font-size: 12pt;\">ul. \u015aw. Antoniego \u2013 strefa zamieszkania<\/span><\/p>\n<p><span style=\"font-family: georgia, palatino, serif; font-size: 12pt;\">ul. W\u0142odkowica &#8211; B-36 (zakaz zatrzymywania si\u0119)<br \/>\n<\/span><\/p>\n<\/td>\n<td width=\"73\">\n<p><span style=\"font-family: georgia, palatino, serif; font-size: 12pt;\">Park<\/span><\/p>\n<p><span style=\"font-family: georgia, palatino, serif; font-size: 12pt;\">Kulturowy<\/span><\/p>\n<\/td>\n<\/tr>\n<tr valign=\"TOP\">\n<td width=\"21\">\n<p align=\"CENTER\"><span style=\"font-family: georgia, palatino, serif; font-size: 12pt;\">5<\/span><\/p>\n<\/td>\n<td width=\"106\">\n<p align=\"CENTER\"><span style=\"font-family: georgia, palatino, serif; font-size: 12pt;\"><b>5.03.2020<\/b><\/span><\/p>\n<\/td>\n<td width=\"411\">\n<p><span style=\"font-family: georgia, palatino, serif; font-size: 12pt;\">ul. Jaworska \u2013 parkowanie na chodnikach brak 1,5 metra przej\u015bcia dla pieszych<\/span><\/p>\n<\/td>\n<td width=\"73\">\u00a0<\/td>\n<\/tr>\n<tr valign=\"TOP\">\n<td width=\"21\">\n<p align=\"CENTER\"><span style=\"font-family: georgia, palatino, serif; font-size: 12pt;\">6<\/span><\/p>\n<\/td>\n<td width=\"106\">\n<p align=\"CENTER\"><span style=\"font-family: georgia, palatino, serif; font-size: 12pt;\"><b>6.03.2020<\/b><\/span><\/p>\n<\/td>\n<td width=\"411\">\n<p><span style=\"font-family: georgia, palatino, serif; font-size: 12pt;\">ul. Kotlarska \u2013 parkowanie za B-36 (zakaz zatrzymywania si\u0119) i T-24 (odholowanie pojazdu)<br \/>\n<\/span><\/p>\n<\/td>\n<td width=\"73\">\n<p><span style=\"font-family: georgia, palatino, serif; font-size: 12pt;\">Park<\/span><\/p>\n<p><span style=\"font-family: georgia, palatino, serif; font-size: 12pt;\">Kulturowy<\/span><\/p>\n<\/td>\n<\/tr>\n<tr valign=\"TOP\">\n<td width=\"21\">\n<p align=\"CENTER\"><span style=\"font-family: georgia, palatino, serif; font-size: 12pt;\">7<\/span><\/p>\n<\/td>\n<td width=\"106\">\n<p align=\"CENTER\"><span style=\"font-family: georgia, palatino, serif; font-size: 12pt;\"><b>7.03.2020<\/b><\/span><\/p>\n<\/td>\n<td width=\"411\">\n<p><span style=\"font-family: georgia, palatino, serif; font-size: 12pt;\">ul. Wyszy\u0144skiego od ul. Benedykty\u0144skiej do Sienkiewicza oraz od ul. Sienkiewicza do ul. Prusa \u2013 parkowanie na ci\u0105gu pieszo rowerowym<\/span><\/p>\n<\/td>\n<td width=\"73\">\u00a0<\/td>\n<\/tr>\n<tr valign=\"TOP\">\n<td width=\"21\">\n<p align=\"CENTER\"><span style=\"font-family: georgia, palatino, serif; font-size: 12pt;\">8<\/span><\/p>\n<\/td>\n<td width=\"106\">\n<p align=\"CENTER\"><span style=\"font-family: georgia, palatino, serif; font-size: 12pt;\"><b>8.03.2020<\/b><\/span><\/p>\n<\/td>\n<td width=\"411\">\n<p><span style=\"font-family: georgia, palatino, serif; font-size: 12pt;\">ul. Komandorska od Kamiennej do Skwerowej \u2013 parkowanie na chodnikach brak 1,5 metra przej\u015bcia dla pieszych oraz za znakiem B-36 (zakaz zatrzymywania si\u0119)<br \/>\n<\/span><\/p>\n<\/td>\n<td width=\"73\">\u00a0<\/td>\n<\/tr>\n<tr valign=\"TOP\">\n<td width=\"21\">\n<p align=\"CENTER\"><span style=\"font-family: georgia, palatino, serif; font-size: 12pt;\">9<\/span><\/p>\n<\/td>\n<td width=\"106\">\n<p align=\"CENTER\"><span style=\"font-family: georgia, palatino, serif; font-size: 12pt;\"><b>9.03.2020<\/b><\/span><\/p>\n<\/td>\n<td width=\"411\">\n<p><span style=\"font-family: georgia, palatino, serif; font-size: 12pt;\">ul. Krasi\u0144skiego przy Poczcie \u2013 parkowanie na chodniku brak 1,5 metra przej\u015bcia dla pieszych<\/span><\/p>\n<\/td>\n<td width=\"73\">\u00a0<\/td>\n<\/tr>\n<tr valign=\"TOP\">\n<td width=\"21\">\n<p align=\"CENTER\"><span style=\"font-family: georgia, palatino, serif; font-size: 12pt;\">10<\/span><\/p>\n<\/td>\n<td width=\"106\">\n<p align=\"CENTER\"><span style=\"font-family: georgia, palatino, serif; font-size: 12pt;\"><b>10.03.2020<\/b><\/span><\/p>\n<\/td>\n<td width=\"411\">\n<p><span style=\"font-family: georgia, palatino, serif; font-size: 12pt;\">ul. Jaworska \u2013 parkowanie na chodnikach brak 1,5 metra przej\u015bcia dla pieszych<\/span><\/p>\n<\/td>\n<td width=\"73\">\u00a0<\/td>\n<\/tr>\n<tr valign=\"TOP\">\n<td width=\"21\">\n<p align=\"CENTER\"><span style=\"font-family: georgia, palatino, serif; font-size: 12pt;\">11<\/span><\/p>\n<\/td>\n<td width=\"106\">\n<p align=\"CENTER\"><span style=\"font-family: georgia, palatino, serif; font-size: 12pt;\"><b>11.03.2020<\/b><\/span><\/p>\n<\/td>\n<td width=\"411\">\n<p><span style=\"font-family: georgia, palatino, serif; font-size: 12pt;\">ul. \u015aw. Antoniego \u2013 strefa zamieszkania<\/span><\/p>\n<p><span style=\"font-family: georgia, palatino, serif; font-size: 12pt;\">ul. W\u0142odkowica &#8211; B-36 (zakaz zatrzymywania si\u0119)<br \/>\n<\/span><\/p>\n<\/td>\n<td width=\"73\">\n<p><span style=\"font-family: georgia, palatino, serif; font-size: 12pt;\">Park<\/span><\/p>\n<p><span style=\"font-family: georgia, palatino, serif; font-size: 12pt;\">Kulturowy<\/span><\/p>\n<\/td>\n<\/tr>\n<tr valign=\"TOP\">\n<td width=\"21\">\n<p align=\"CENTER\"><span style=\"font-family: georgia, palatino, serif; font-size: 12pt;\">12<\/span><\/p>\n<\/td>\n<td width=\"106\">\n<p align=\"CENTER\"><span style=\"font-family: georgia, palatino, serif; font-size: 12pt;\"><b>12.03.2020<\/b><\/span><\/p>\n<\/td>\n<td width=\"411\">\n<p><span style=\"font-family: georgia, palatino, serif; font-size: 12pt;\">ul. R\u00f3\u017cana &#8211; parkowanie na chodnikach brak 1,5 metra przej\u015bcia dla pieszych<\/span><\/p>\n<\/td>\n<td width=\"73\">\u00a0<\/td>\n<\/tr>\n<tr valign=\"TOP\">\n<td width=\"21\">\n<p align=\"CENTER\"><span style=\"font-family: georgia, palatino, serif; font-size: 12pt;\">13<\/span><\/p>\n<\/td>\n<td width=\"106\">\n<p align=\"CENTER\"><span style=\"font-family: georgia, palatino, serif; font-size: 12pt;\"><b>13.03.2020<\/b><\/span><\/p>\n<\/td>\n<td width=\"411\">\n<p><span style=\"font-family: georgia, palatino, serif; font-size: 12pt;\">ul. Rymarska przy szkole \u2013 parkowanie na chodnikach brak 1,5 metra przej\u015bcia dla pieszych oraz w miejscu obowi\u0105zywania znaku B-36 (zakaz zatrzymywania si\u0119)<br \/>\n<\/span><\/p>\n<\/td>\n<td width=\"73\">\u00a0<\/td>\n<\/tr>\n<tr valign=\"TOP\">\n<td width=\"21\">\n<p align=\"CENTER\"><span style=\"font-family: georgia, palatino, serif; font-size: 12pt;\">14<\/span><\/p>\n<\/td>\n<td width=\"106\">\n<p align=\"CENTER\"><span style=\"font-family: georgia, palatino, serif; font-size: 12pt;\"><b>14.03.2020<\/b><\/span><\/p>\n<\/td>\n<td width=\"411\">\n<p><span style=\"font-family: georgia, palatino, serif; font-size: 12pt;\">ul. Komandorska od Kamiennej do Skwerowej \u2013 parkowanie na chodnikach brak 1,5 metra przej\u015bcia dla pieszych oraz za znakiem B-36 (zakaz zatrzymywania si\u0119)<br \/>\n<\/span><\/p>\n<\/td>\n<td width=\"73\">\u00a0<\/td>\n<\/tr>\n<tr valign=\"TOP\">\n<td width=\"21\">\n<p align=\"CENTER\"><span style=\"font-family: georgia, palatino, serif; font-size: 12pt;\">15<\/span><\/p>\n<\/td>\n<td width=\"106\">\n<p align=\"CENTER\"><span style=\"font-family: georgia, palatino, serif; font-size: 12pt;\"><b>15.03.2020<\/b><\/span><\/p>\n<\/td>\n<td width=\"411\">\n<p><span style=\"font-family: georgia, palatino, serif; font-size: 12pt;\">ul. Kotlarska \u2013 parkowanie za B-36 (zakaz zatrzymywania si\u0119) i T-24 (odholowanie pojazdu)<br \/>\n<\/span><\/p>\n<\/td>\n<td width=\"73\">\n<p><span style=\"font-family: georgia, palatino, serif; font-size: 12pt;\">Park<\/span><\/p>\n<p><span style=\"font-family: georgia, palatino, serif; font-size: 12pt;\">Kulturowy<\/span><\/p>\n<\/td>\n<\/tr>\n<\/tbody>\n<\/table>\n<p>wf<\/p>\n","protected":false},"excerpt":{"rendered":"<p>W tych miejscach w okresie od 1 do 15 marca 2020r. stra\u017cnicy miejscy, b\u0119d\u0105 prowadzi\u0107 zintensyfikowane dzia\u0142ania prewencyjne, ukierunkowane na wyeliminowanie zagro\u017ce\u0144 w ruchu drogowym i pieszym:<\/p>\n","protected":false},"author":4,"featured_media":6304,"comment_status":"closed","ping_status":"closed","sticky":false,"template":"","format":"standard","meta":{"footnotes":""},"categories":[16],"tags":[],"class_list":["post-6302","post","type-post","status-publish","format-standard","has-post-thumbnail","hentry","category-aktual"],"_links":{"self":[{"href":"https:\/\/smwroclaw.pl\/index.php?rest_route=\/wp\/v2\/posts\/6302","targetHints":{"allow":["GET"]}}],"collection":[{"href":"https:\/\/smwroclaw.pl\/index.php?rest_route=\/wp\/v2\/posts"}],"about":[{"href":"https:\/\/smwroclaw.pl\/index.php?rest_route=\/wp\/v2\/types\/post"}],"author":[{"embeddable":true,"href":"https:\/\/smwroclaw.pl\/index.php?rest_route=\/wp\/v2\/users\/4"}],"replies":[{"embeddable":true,"href":"https:\/\/smwroclaw.pl\/index.php?rest_route=%2Fwp%2Fv2%2Fcomments&post=6302"}],"version-history":[{"count":24,"href":"https:\/\/smwroclaw.pl\/index.php?rest_route=\/wp\/v2\/posts\/6302\/revisions"}],"predecessor-version":[{"id":10839,"href":"https:\/\/smwroclaw.pl\/index.php?rest_route=\/wp\/v2\/posts\/6302\/revisions\/10839"}],"wp:featuredmedia":[{"embeddable":true,"href":"https:\/\/smwroclaw.pl\/index.php?rest_route=\/wp\/v2\/media\/6304"}],"wp:attachment":[{"href":"https:\/\/smwroclaw.pl\/index.php?rest_route=%2Fwp%2Fv2%2Fmedia&parent=6302"}],"wp:term":[{"taxonomy":"category","embeddable":true,"href":"https:\/\/smwroclaw.pl\/index.php?rest_route=%2Fwp%2Fv2%2Fcategories&post=6302"},{"taxonomy":"post_tag","embeddable":true,"href":"https:\/\/smwroclaw.pl\/index.php?rest_route=%2Fwp%2Fv2%2Ftags&post=6302"}],"curies":[{"name":"wp","href":"https:\/\/api.w.org\/{rel}","templated":true}]}}