{"id":6637,"date":"2019-08-16T07:00:24","date_gmt":"2019-08-16T05:00:24","guid":{"rendered":"http:\/\/smwroclaw.pl\/?p=6637"},"modified":"2019-08-16T08:31:38","modified_gmt":"2019-08-16T06:31:38","slug":"uwaga-kierowcy-7","status":"publish","type":"post","link":"https:\/\/smwroclaw.pl\/?p=6637","title":{"rendered":"UWAGA KIEROWCY!"},"content":{"rendered":"<p style=\"text-align: justify;\"><span style=\"font-family: georgia, palatino, serif; font-size: 16px;\">W tych miejscach w okresie <strong>w okresie 19 &#8211; 31 sierpnia 2019 <\/strong><strong>r<\/strong>. stra\u017cnicy miejscy, b\u0119d\u0105 prowadzi\u0107 zintensyfikowane dzia\u0142ania prewencyjne, ukierunkowane na wyeliminowanie zagro\u017ce\u0144 w ruchu drogowym i pieszym:<\/span><!--more--><\/p>\n<table width=\"645\">\n<tbody>\n<tr>\n<td width=\"30\">\n<p>Lp.<\/p>\n<\/td>\n<td width=\"114\">\n<p>Dzie\u0144<\/p>\n<\/td>\n<td width=\"419\">\n<p>Miejsce<\/p>\n<\/td>\n<td width=\"82\">\n<p>&nbsp;<\/p>\n<\/td>\n<\/tr>\n<tr>\n<td width=\"30\">\n<p>1<\/p>\n<\/td>\n<td width=\"114\">\n<p><strong>19.08.2019<\/strong><\/p>\n<\/td>\n<td width=\"419\">\n<p>ul. Kozanowska od Wi\u015bla\u0144skiej do wjazdu na parking na wysoko\u015bci ul. Dzielnej 13 \u2013 parkowanie na chodnikach brak 1,5 metra przej\u015bcia dla pieszych<\/p>\n<\/td>\n<td width=\"82\">\n<p>&nbsp;<\/p>\n<\/td>\n<\/tr>\n<tr>\n<td width=\"30\">\n<p>2<\/p>\n<\/td>\n<td width=\"114\">\n<p><strong>20.08.2019<\/strong><\/p>\n<\/td>\n<td width=\"419\">\n<p>ul. Zaporoska przy Rondzie Powsta\u0144c\u00f3w \u015al\u0105skich \u2013 blokowanie przystank\u00f3w MPK oraz B-36<\/p>\n<\/td>\n<td width=\"82\">\n<p>&nbsp;<\/p>\n<\/td>\n<\/tr>\n<tr>\n<td width=\"30\">\n<p>3<\/p>\n<\/td>\n<td width=\"114\">\n<p><strong>21.08.2019<\/strong><\/p>\n<\/td>\n<td width=\"419\">\n<p>ul. \u017begiestowska \u2013 parkowanie na chodnikach brak 1,5 metra przej\u015bcia dla pieszych<\/p>\n<\/td>\n<td width=\"82\">\n<p>&nbsp;<\/p>\n<\/td>\n<\/tr>\n<tr>\n<td width=\"30\">\n<p>4<\/p>\n<\/td>\n<td width=\"114\">\n<p><strong>22.08.2019<\/strong><\/p>\n<\/td>\n<td width=\"419\">\n<p>ul. Jaworska \u2013 parkowanie na chodnikach brak 1,5 metra przej\u015bcia dla pieszych<\/p>\n<\/td>\n<td width=\"82\">\n<p>&nbsp;<\/p>\n<\/td>\n<\/tr>\n<tr>\n<td width=\"30\">\n<p>5<\/p>\n<\/td>\n<td width=\"114\">\n<p><strong>23.08.2019<\/strong><\/p>\n<\/td>\n<td width=\"419\">\n<p>ul. Krasi\u0144skiego przy Poczcie \u2013 parkowanie na chodniku brak 1,5 metra przej\u015bcia dla pieszych<\/p>\n<\/td>\n<td width=\"82\">\n<p>&nbsp;<\/p>\n<\/td>\n<\/tr>\n<tr>\n<td width=\"30\">\n<p>6<\/p>\n<\/td>\n<td width=\"114\">\n<p><strong>24.08.2019<\/strong><\/p>\n<\/td>\n<td width=\"419\">\n<p>ul. Komandorska od Kamiennej do Skwerowej \u2013 parkowanie na chodnikach brak 1,5 metra przej\u015bcia dla pieszych oraz za znakiem B-36<\/p>\n<\/td>\n<td width=\"82\">\n<p>&nbsp;<\/p>\n<\/td>\n<\/tr>\n<tr>\n<td width=\"30\">\n<p>7<\/p>\n<\/td>\n<td width=\"114\">\n<p><strong>25.08.2019<\/strong><\/p>\n<\/td>\n<td width=\"419\">\n<p>ul. Kotlarska \u2013 parkowanie za B-36 i T-24<\/p>\n<\/td>\n<td width=\"82\">\n<p>Park<\/p>\n<p>Kulturowy<\/p>\n<\/td>\n<\/tr>\n<tr>\n<td width=\"30\">\n<p>8<\/p>\n<\/td>\n<td width=\"114\">\n<p><strong>26.08.2019<\/strong><\/p>\n<\/td>\n<td width=\"419\">\n<p>ul. Rymarska przy szkole \u2013 parkowanie na chodnikach brak 1,5 metra przej\u015bcia dla pieszych oraz w miejscu obowi\u0105zywania znaku B-36<\/p>\n<\/td>\n<td width=\"82\">\n<p>&nbsp;<\/p>\n<\/td>\n<\/tr>\n<tr>\n<td width=\"30\">\n<p>9<\/p>\n<\/td>\n<td width=\"114\">\n<p><strong>27.08.2019<\/strong><\/p>\n<\/td>\n<td width=\"419\">\n<p>ul. Kozanowska od Wi\u015bla\u0144skiej do wjazdu na parking na wysoko\u015bci ul. Dzielnej 13 \u2013 parkowanie na chodnikach brak 1,5 metra przej\u015bcia dla pieszych<\/p>\n<\/td>\n<td width=\"82\">\n<p>&nbsp;<\/p>\n<\/td>\n<\/tr>\n<tr>\n<td width=\"30\">\n<p>10<\/p>\n<\/td>\n<td width=\"114\">\n<p><strong>28.08.2019<\/strong><\/p>\n<\/td>\n<td width=\"419\">\n<p>ul. Komandorska od Kamiennej do Skwerowej \u2013 parkowanie na chodnikach brak 1,5 metra przej\u015bcia dla pieszych oraz za znakiem B-36<\/p>\n<\/td>\n<td width=\"82\">\n<p>&nbsp;<\/p>\n<\/td>\n<\/tr>\n<tr>\n<td width=\"30\">\n<p>11<\/p>\n<\/td>\n<td width=\"114\">\n<p><strong>29.08.2019<\/strong><\/p>\n<\/td>\n<td width=\"419\">\n<p>ul. Krasi\u0144skiego przy Poczcie \u2013 parkowanie na chodniku brak 1,5 metra przej\u015bcia dla pieszych<\/p>\n<\/td>\n<td width=\"82\">\n<p>&nbsp;<\/p>\n<\/td>\n<\/tr>\n<tr>\n<td width=\"30\">\n<p>12<\/p>\n<\/td>\n<td width=\"114\">\n<p><strong>30.08.2019<\/strong><\/p>\n<\/td>\n<td width=\"419\">\n<p>ul. Jaworska \u2013 parkowanie na chodnikach brak 1,5 metra przej\u015bcia dla pieszych<\/p>\n<\/td>\n<td width=\"82\">\n<p>&nbsp;<\/p>\n<\/td>\n<\/tr>\n<tr>\n<td width=\"30\">\n<p>13<\/p>\n<\/td>\n<td width=\"114\">\n<p><strong>31.08.2019<\/strong><\/p>\n<\/td>\n<td width=\"419\">\n<p>ul. \u015aw. Antoniego \u2013 strefa zamieszkania<\/p>\n<p>ul. W\u0142odkowica &#8211; B-36<\/p>\n<\/td>\n<td width=\"82\">\n<p>Park<\/p>\n<p>Kulturowy<\/p>\n<\/td>\n<\/tr>\n<\/tbody>\n<\/table>\n","protected":false},"excerpt":{"rendered":"<p>W tych miejscach w okresie w okresie 19 &#8211; 31 sierpnia 2019 r. stra\u017cnicy miejscy, b\u0119d\u0105 prowadzi\u0107 zintensyfikowane dzia\u0142ania prewencyjne, ukierunkowane na wyeliminowanie zagro\u017ce\u0144 w ruchu drogowym i pieszym:<\/p>\n","protected":false},"author":4,"featured_media":6639,"comment_status":"closed","ping_status":"closed","sticky":false,"template":"","format":"standard","meta":{"footnotes":""},"categories":[16],"tags":[],"class_list":["post-6637","post","type-post","status-publish","format-standard","has-post-thumbnail","hentry","category-aktual"],"_links":{"self":[{"href":"https:\/\/smwroclaw.pl\/index.php?rest_route=\/wp\/v2\/posts\/6637","targetHints":{"allow":["GET"]}}],"collection":[{"href":"https:\/\/smwroclaw.pl\/index.php?rest_route=\/wp\/v2\/posts"}],"about":[{"href":"https:\/\/smwroclaw.pl\/index.php?rest_route=\/wp\/v2\/types\/post"}],"author":[{"embeddable":true,"href":"https:\/\/smwroclaw.pl\/index.php?rest_route=\/wp\/v2\/users\/4"}],"replies":[{"embeddable":true,"href":"https:\/\/smwroclaw.pl\/index.php?rest_route=%2Fwp%2Fv2%2Fcomments&post=6637"}],"version-history":[{"count":9,"href":"https:\/\/smwroclaw.pl\/index.php?rest_route=\/wp\/v2\/posts\/6637\/revisions"}],"predecessor-version":[{"id":7810,"href":"https:\/\/smwroclaw.pl\/index.php?rest_route=\/wp\/v2\/posts\/6637\/revisions\/7810"}],"wp:featuredmedia":[{"embeddable":true,"href":"https:\/\/smwroclaw.pl\/index.php?rest_route=\/wp\/v2\/media\/6639"}],"wp:attachment":[{"href":"https:\/\/smwroclaw.pl\/index.php?rest_route=%2Fwp%2Fv2%2Fmedia&parent=6637"}],"wp:term":[{"taxonomy":"category","embeddable":true,"href":"https:\/\/smwroclaw.pl\/index.php?rest_route=%2Fwp%2Fv2%2Fcategories&post=6637"},{"taxonomy":"post_tag","embeddable":true,"href":"https:\/\/smwroclaw.pl\/index.php?rest_route=%2Fwp%2Fv2%2Ftags&post=6637"}],"curies":[{"name":"wp","href":"https:\/\/api.w.org\/{rel}","templated":true}]}}