{"id":6959,"date":"2019-05-27T09:47:23","date_gmt":"2019-05-27T07:47:23","guid":{"rendered":"http:\/\/smwroclaw.pl\/?p=6959"},"modified":"2019-05-27T11:23:16","modified_gmt":"2019-05-27T09:23:16","slug":"dzien-dziecka-ze-straza","status":"publish","type":"post","link":"https:\/\/smwroclaw.pl\/?p=6959","title":{"rendered":"Dzie\u0144 Dziecka ze Stra\u017c\u0105 (fotorelacja)"},"content":{"rendered":"<p style=\"text-align: justify;\"><span style=\"font-family: georgia, palatino, serif; font-size: 16px;\">W dniu<strong> 26 maja\u00a0 2019 r.<\/strong> Stra\u017c Miejska Wroc\u0142awia bra\u0142a udzia\u0142 w drugiej edycji\u00a0 <strong>Dnia Dziecka na Stadionie Wroc\u0142aw pod has\u0142em \u201eBezpieczne Wakacje\u201d.<\/strong><\/span><\/p>\n<p>&nbsp;<\/p>\n<p style=\"text-align: justify;\"><span style=\"font-family: helvetica, arial, sans-serif; font-size: 14px;\"><img fetchpriority=\"high\" decoding=\"async\" class=\" wp-image-6965 aligncenter\" src=\"https:\/\/smwroclaw.pl\/wp-content\/uploads\/2019\/05\/1-2-300x169.jpg\" alt=\"\" width=\"422\" height=\"238\" srcset=\"https:\/\/smwroclaw.pl\/wp-content\/uploads\/2019\/05\/1-2-300x169.jpg 300w, https:\/\/smwroclaw.pl\/wp-content\/uploads\/2019\/05\/1-2.jpg 600w\" sizes=\"(max-width: 422px) 100vw, 422px\" \/><!--more--><\/span><\/p>\n<p>&nbsp;<\/p>\n<p style=\"text-align: justify;\"><span style=\"font-family: georgia, palatino, serif; font-size: 16px;\">Funkcjonariusze zaprezentowali radiowozy ( Ekologiczn\u0105 Toyot\u0119 Hybryd, oraz pojazd terenowy), kt\u00f3re cieszy\u0142y si\u0119 ogromnym zainteresowaniem w\u015br\u00f3d dzieci, kt\u00f3re mog\u0142y w przebraniu stra\u017cnika wsi\u0105\u015b\u0107 do radiowozu \u00a0i w\u0142\u0105czy\u0107 sygna\u0142y d\u017awi\u0119kowe. Ogromnym zainteresowaniem cieszy\u0142 si\u0119 te\u017c partol konny i stoisko z kolorowankami. Funkcjonariusze udzielali te\u017c porad jak bezpiecznie sp\u0119dzi\u0107 wakacje. Wszystko odby\u0142o si\u0119 w bardzo mi\u0142ej i przyjezdnej atmosferze. Dzi\u0119kujemy wszystkim za udzia\u0142 i zapraszamy za rok.<\/span><\/p>\n<p><span style=\"font-size: 14px; font-family: helvetica, arial, sans-serif;\">\u00a0<\/span><\/p>\n<p><span style=\"font-family: helvetica, arial, sans-serif; font-size: 14px;\"><img decoding=\"async\" class=\" wp-image-6975 aligncenter\" src=\"https:\/\/smwroclaw.pl\/wp-content\/uploads\/2019\/05\/109-1-169x300.jpg\" alt=\"\" width=\"243\" height=\"431\" \/><\/span><\/p>\n<p><span style=\"font-family: helvetica, arial, sans-serif; font-size: 14px;\"><img decoding=\"async\" class=\" wp-image-6977 aligncenter\" src=\"https:\/\/smwroclaw.pl\/wp-content\/uploads\/2019\/05\/1989-169x300.jpg\" alt=\"\" width=\"231\" height=\"410\" srcset=\"https:\/\/smwroclaw.pl\/wp-content\/uploads\/2019\/05\/1989-169x300.jpg 169w, https:\/\/smwroclaw.pl\/wp-content\/uploads\/2019\/05\/1989.jpg 337w\" sizes=\"(max-width: 231px) 100vw, 231px\" \/><\/span><\/p>\n<p><span style=\"font-family: helvetica, arial, sans-serif; font-size: 14px;\"><img loading=\"lazy\" decoding=\"async\" class=\"wp-image-6962 aligncenter\" src=\"https:\/\/smwroclaw.pl\/wp-content\/uploads\/2019\/05\/1-5-300x169.jpg\" alt=\"\" width=\"442\" height=\"249\" srcset=\"https:\/\/smwroclaw.pl\/wp-content\/uploads\/2019\/05\/1-5-300x169.jpg 300w, https:\/\/smwroclaw.pl\/wp-content\/uploads\/2019\/05\/1-5.jpg 600w\" sizes=\"(max-width: 442px) 100vw, 442px\" \/><\/span><\/p>\n<p><span style=\"font-family: helvetica, arial, sans-serif; font-size: 14px;\"><img loading=\"lazy\" decoding=\"async\" class=\"wp-image-6969 aligncenter\" src=\"https:\/\/smwroclaw.pl\/wp-content\/uploads\/2019\/05\/ikona-dd-256x300.jpg\" alt=\"\" width=\"438\" height=\"513\" srcset=\"https:\/\/smwroclaw.pl\/wp-content\/uploads\/2019\/05\/ikona-dd-256x300.jpg 256w, https:\/\/smwroclaw.pl\/wp-content\/uploads\/2019\/05\/ikona-dd.jpg 334w\" sizes=\"(max-width: 438px) 100vw, 438px\" \/><\/span><\/p>\n<p><span style=\"font-family: helvetica, arial, sans-serif; font-size: 14px;\"><img loading=\"lazy\" decoding=\"async\" class=\"wp-image-6968 aligncenter\" src=\"https:\/\/smwroclaw.pl\/wp-content\/uploads\/2019\/05\/641-300x169.jpg\" alt=\"\" width=\"440\" height=\"248\" srcset=\"https:\/\/smwroclaw.pl\/wp-content\/uploads\/2019\/05\/641-300x169.jpg 300w, https:\/\/smwroclaw.pl\/wp-content\/uploads\/2019\/05\/641.jpg 600w\" sizes=\"(max-width: 440px) 100vw, 440px\" \/><\/span><\/p>\n<p><span style=\"font-family: helvetica, arial, sans-serif; font-size: 14px;\"><img loading=\"lazy\" decoding=\"async\" class=\" wp-image-6978 aligncenter\" src=\"https:\/\/smwroclaw.pl\/wp-content\/uploads\/2019\/05\/10909-169x300.jpg\" alt=\"\" width=\"239\" height=\"424\" \/><\/span><\/p>\n<p>&nbsp;<\/p>\n","protected":false},"excerpt":{"rendered":"<p>W dniu 26 maja\u00a0 2019 r. Stra\u017c Miejska Wroc\u0142awia bra\u0142a udzia\u0142 w drugiej edycji\u00a0 Dnia Dziecka na Stadionie Wroc\u0142aw pod has\u0142em \u201eBezpieczne Wakacje\u201d. &nbsp;<\/p>\n","protected":false},"author":3,"featured_media":6969,"comment_status":"closed","ping_status":"closed","sticky":false,"template":"","format":"standard","meta":{"footnotes":""},"categories":[16],"tags":[],"class_list":["post-6959","post","type-post","status-publish","format-standard","has-post-thumbnail","hentry","category-aktual"],"_links":{"self":[{"href":"https:\/\/smwroclaw.pl\/index.php?rest_route=\/wp\/v2\/posts\/6959","targetHints":{"allow":["GET"]}}],"collection":[{"href":"https:\/\/smwroclaw.pl\/index.php?rest_route=\/wp\/v2\/posts"}],"about":[{"href":"https:\/\/smwroclaw.pl\/index.php?rest_route=\/wp\/v2\/types\/post"}],"author":[{"embeddable":true,"href":"https:\/\/smwroclaw.pl\/index.php?rest_route=\/wp\/v2\/users\/3"}],"replies":[{"embeddable":true,"href":"https:\/\/smwroclaw.pl\/index.php?rest_route=%2Fwp%2Fv2%2Fcomments&post=6959"}],"version-history":[{"count":12,"href":"https:\/\/smwroclaw.pl\/index.php?rest_route=\/wp\/v2\/posts\/6959\/revisions"}],"predecessor-version":[{"id":6993,"href":"https:\/\/smwroclaw.pl\/index.php?rest_route=\/wp\/v2\/posts\/6959\/revisions\/6993"}],"wp:featuredmedia":[{"embeddable":true,"href":"https:\/\/smwroclaw.pl\/index.php?rest_route=\/wp\/v2\/media\/6969"}],"wp:attachment":[{"href":"https:\/\/smwroclaw.pl\/index.php?rest_route=%2Fwp%2Fv2%2Fmedia&parent=6959"}],"wp:term":[{"taxonomy":"category","embeddable":true,"href":"https:\/\/smwroclaw.pl\/index.php?rest_route=%2Fwp%2Fv2%2Fcategories&post=6959"},{"taxonomy":"post_tag","embeddable":true,"href":"https:\/\/smwroclaw.pl\/index.php?rest_route=%2Fwp%2Fv2%2Ftags&post=6959"}],"curies":[{"name":"wp","href":"https:\/\/api.w.org\/{rel}","templated":true}]}}