{"id":7077,"date":"2019-06-03T14:16:59","date_gmt":"2019-06-03T12:16:59","guid":{"rendered":"http:\/\/smwroclaw.pl\/?p=7077"},"modified":"2019-06-03T14:16:59","modified_gmt":"2019-06-03T12:16:59","slug":"miesiac-rodziny-dzien-dziecka-na-wyspie-slodowej-zdjecia","status":"publish","type":"post","link":"https:\/\/smwroclaw.pl\/?p=7077","title":{"rendered":"MIESI\u0104C RODZINY &#8211; DZIE\u0143 DZIECKA NA WYSPIE S\u0141ODOWEJ (zdj\u0119cia)"},"content":{"rendered":"<p style=\"text-align: justify;\" align=\"JUSTIFY\"><span style=\"font-family: georgia, palatino, serif; font-size: 16px;\">W dniu <b>02.06.2019 o godz.13.00 \u2013 19.00 na Wyspie S\u0142odowej<\/b> odby\u0142 si\u0119 festyn organizowany przez <b>Wroc\u0142awskie Centrum Rozwoju Spo\u0142ecznego z okazji Dnia Dziecka <\/b>w ramach<b> \u201eMiesi\u0105ca Rodziny\u201d. <\/b>Stra\u017c Miejsk\u0105 Wroc\u0142awia reprezentowa\u0142 <b>Oddzia\u0142 Ochrony \u015arodowiska<\/b>, kt\u00f3ry edukowa\u0142 mieszka\u0144c\u00f3w Wroc\u0142awia oraz turyst\u00f3w na temat bezpiecze\u0144stwa i ekologii.<\/span><\/p>\n<p align=\"JUSTIFY\"><!--more--><\/p>\n<p>&nbsp;<\/p>\n<p><img fetchpriority=\"high\" decoding=\"async\" class=\"wp-image-7080 aligncenter\" src=\"https:\/\/smwroclaw.pl\/wp-content\/uploads\/2019\/06\/IMG_20190602_135146-3018x4024.jpg\" alt=\"\" width=\"613\" height=\"817\" srcset=\"https:\/\/smwroclaw.pl\/wp-content\/uploads\/2019\/06\/IMG_20190602_135146-3018x4024.jpg 3018w, https:\/\/smwroclaw.pl\/wp-content\/uploads\/2019\/06\/IMG_20190602_135146-225x300.jpg 225w, https:\/\/smwroclaw.pl\/wp-content\/uploads\/2019\/06\/IMG_20190602_135146-768x1024.jpg 768w\" sizes=\"(max-width: 613px) 100vw, 613px\" \/><\/p>\n<p><img decoding=\"async\" class=\"wp-image-7081 aligncenter\" src=\"https:\/\/smwroclaw.pl\/wp-content\/uploads\/2019\/06\/IMG_20190602_135458-3018x4024.jpg\" alt=\"\" width=\"624\" height=\"832\" srcset=\"https:\/\/smwroclaw.pl\/wp-content\/uploads\/2019\/06\/IMG_20190602_135458-3018x4024.jpg 3018w, https:\/\/smwroclaw.pl\/wp-content\/uploads\/2019\/06\/IMG_20190602_135458-225x300.jpg 225w, https:\/\/smwroclaw.pl\/wp-content\/uploads\/2019\/06\/IMG_20190602_135458-768x1024.jpg 768w\" sizes=\"(max-width: 624px) 100vw, 624px\" \/><\/p>\n<p><img decoding=\"async\" class=\"wp-image-7082 aligncenter\" src=\"https:\/\/smwroclaw.pl\/wp-content\/uploads\/2019\/06\/IMG_20190602_135905_1-3018x4024.jpg\" alt=\"\" width=\"630\" height=\"840\" srcset=\"https:\/\/smwroclaw.pl\/wp-content\/uploads\/2019\/06\/IMG_20190602_135905_1-3018x4024.jpg 3018w, https:\/\/smwroclaw.pl\/wp-content\/uploads\/2019\/06\/IMG_20190602_135905_1-225x300.jpg 225w, https:\/\/smwroclaw.pl\/wp-content\/uploads\/2019\/06\/IMG_20190602_135905_1-768x1024.jpg 768w\" sizes=\"(max-width: 630px) 100vw, 630px\" \/><\/p>\n<p><img loading=\"lazy\" decoding=\"async\" class=\"wp-image-7083 aligncenter\" src=\"https:\/\/smwroclaw.pl\/wp-content\/uploads\/2019\/06\/IMG_20190602_141741.jpg\" alt=\"\" width=\"638\" height=\"478\" srcset=\"https:\/\/smwroclaw.pl\/wp-content\/uploads\/2019\/06\/IMG_20190602_141741.jpg 4608w, https:\/\/smwroclaw.pl\/wp-content\/uploads\/2019\/06\/IMG_20190602_141741-300x225.jpg 300w, https:\/\/smwroclaw.pl\/wp-content\/uploads\/2019\/06\/IMG_20190602_141741-768x576.jpg 768w\" sizes=\"(max-width: 638px) 100vw, 638px\" \/><\/p>\n<p><img loading=\"lazy\" decoding=\"async\" class=\"wp-image-7084 aligncenter\" src=\"https:\/\/smwroclaw.pl\/wp-content\/uploads\/2019\/06\/IMG_20190602_155058-3018x4024.jpg\" alt=\"\" width=\"650\" height=\"867\" srcset=\"https:\/\/smwroclaw.pl\/wp-content\/uploads\/2019\/06\/IMG_20190602_155058-3018x4024.jpg 3018w, https:\/\/smwroclaw.pl\/wp-content\/uploads\/2019\/06\/IMG_20190602_155058-225x300.jpg 225w, https:\/\/smwroclaw.pl\/wp-content\/uploads\/2019\/06\/IMG_20190602_155058-768x1024.jpg 768w\" sizes=\"(max-width: 650px) 100vw, 650px\" \/><\/p>\n<p><img loading=\"lazy\" decoding=\"async\" class=\"wp-image-7085 aligncenter\" src=\"https:\/\/smwroclaw.pl\/wp-content\/uploads\/2019\/06\/IMG_20190602_180347-3018x4024.jpg\" alt=\"\" width=\"650\" height=\"866\" srcset=\"https:\/\/smwroclaw.pl\/wp-content\/uploads\/2019\/06\/IMG_20190602_180347-3018x4024.jpg 3018w, https:\/\/smwroclaw.pl\/wp-content\/uploads\/2019\/06\/IMG_20190602_180347-225x300.jpg 225w, https:\/\/smwroclaw.pl\/wp-content\/uploads\/2019\/06\/IMG_20190602_180347-768x1024.jpg 768w\" sizes=\"(max-width: 650px) 100vw, 650px\" \/><\/p>\n<div id=\"attachment_7086\" style=\"width: 676px\" class=\"wp-caption aligncenter\"><img loading=\"lazy\" decoding=\"async\" aria-describedby=\"caption-attachment-7086\" class=\" wp-image-7086\" src=\"https:\/\/smwroclaw.pl\/wp-content\/uploads\/2019\/06\/IMG_20190602_185401-3018x4024.jpg\" alt=\"\" width=\"666\" height=\"888\" srcset=\"https:\/\/smwroclaw.pl\/wp-content\/uploads\/2019\/06\/IMG_20190602_185401-3018x4024.jpg 3018w, https:\/\/smwroclaw.pl\/wp-content\/uploads\/2019\/06\/IMG_20190602_185401-225x300.jpg 225w, https:\/\/smwroclaw.pl\/wp-content\/uploads\/2019\/06\/IMG_20190602_185401-768x1024.jpg 768w\" sizes=\"(max-width: 666px) 100vw, 666px\" \/><p id=\"caption-attachment-7086\" class=\"wp-caption-text\">WF<\/p><\/div>\n","protected":false},"excerpt":{"rendered":"<p>W dniu 02.06.2019 o godz.13.00 \u2013 19.00 na Wyspie S\u0142odowej odby\u0142 si\u0119 festyn organizowany przez Wroc\u0142awskie Centrum Rozwoju Spo\u0142ecznego z okazji Dnia Dziecka w ramach \u201eMiesi\u0105ca Rodziny\u201d. Stra\u017c Miejsk\u0105 Wroc\u0142awia reprezentowa\u0142 Oddzia\u0142 Ochrony \u015arodowiska, kt\u00f3ry edukowa\u0142 mieszka\u0144c\u00f3w Wroc\u0142awia oraz turyst\u00f3w na temat bezpiecze\u0144stwa i ekologii.<\/p>\n","protected":false},"author":4,"featured_media":7013,"comment_status":"closed","ping_status":"closed","sticky":false,"template":"","format":"standard","meta":{"footnotes":""},"categories":[16],"tags":[],"class_list":["post-7077","post","type-post","status-publish","format-standard","has-post-thumbnail","hentry","category-aktual"],"_links":{"self":[{"href":"https:\/\/smwroclaw.pl\/index.php?rest_route=\/wp\/v2\/posts\/7077","targetHints":{"allow":["GET"]}}],"collection":[{"href":"https:\/\/smwroclaw.pl\/index.php?rest_route=\/wp\/v2\/posts"}],"about":[{"href":"https:\/\/smwroclaw.pl\/index.php?rest_route=\/wp\/v2\/types\/post"}],"author":[{"embeddable":true,"href":"https:\/\/smwroclaw.pl\/index.php?rest_route=\/wp\/v2\/users\/4"}],"replies":[{"embeddable":true,"href":"https:\/\/smwroclaw.pl\/index.php?rest_route=%2Fwp%2Fv2%2Fcomments&post=7077"}],"version-history":[{"count":12,"href":"https:\/\/smwroclaw.pl\/index.php?rest_route=\/wp\/v2\/posts\/7077\/revisions"}],"predecessor-version":[{"id":7096,"href":"https:\/\/smwroclaw.pl\/index.php?rest_route=\/wp\/v2\/posts\/7077\/revisions\/7096"}],"wp:featuredmedia":[{"embeddable":true,"href":"https:\/\/smwroclaw.pl\/index.php?rest_route=\/wp\/v2\/media\/7013"}],"wp:attachment":[{"href":"https:\/\/smwroclaw.pl\/index.php?rest_route=%2Fwp%2Fv2%2Fmedia&parent=7077"}],"wp:term":[{"taxonomy":"category","embeddable":true,"href":"https:\/\/smwroclaw.pl\/index.php?rest_route=%2Fwp%2Fv2%2Fcategories&post=7077"},{"taxonomy":"post_tag","embeddable":true,"href":"https:\/\/smwroclaw.pl\/index.php?rest_route=%2Fwp%2Fv2%2Ftags&post=7077"}],"curies":[{"name":"wp","href":"https:\/\/api.w.org\/{rel}","templated":true}]}}