{"id":7102,"date":"2019-06-04T14:07:16","date_gmt":"2019-06-04T12:07:16","guid":{"rendered":"http:\/\/smwroclaw.pl\/?p=7102"},"modified":"2019-07-25T11:14:05","modified_gmt":"2019-07-25T09:14:05","slug":"konferencja-na-temat-bezpieczenstwa-w-szkolach-i-placowkach-oswiatowych","status":"publish","type":"post","link":"https:\/\/smwroclaw.pl\/?p=7102","title":{"rendered":"KONFERENCJA NA TEMAT BEZPIECZE\u0143STWA W SZKO\u0141ACH I PLAC\u00d3WKACH O\u015aWIATOWYCH"},"content":{"rendered":"<p style=\"text-align: justify;\"><span style=\"font-family: georgia, palatino, serif; font-size: 16px;\"><strong>04 czerwca 2019 r.<\/strong> odby\u0142a si\u0119 <strong>Konferencja na temat bezpiecze\u0144stwa w szko\u0142ach i plac\u00f3wkach o\u015bwiatowych<\/strong> zorganizowana przez <strong>Dolno\u015bl\u0105ski O\u015brodek Doskonalenia Nauczycieli we Wroc\u0142awiu.<\/strong> Udzia\u0142 wzi\u0119\u0142o wielu wybitnych znawc\u00f3w tematu m.in.: dr Jolanta Hory\u0144 dyrektor DODN we Wroc\u0142awiu, Zygmunt Korzeniewski, Katarzyna Nowicka &#8211; Pasternak, prof. dr hab. Barbara Wi\u015bniewska &#8211; Pa\u017a, prof. dr hab.Wojciech Hory\u0144 i wielu innych. Ze strony Stra\u017cy Miejskiej Wroc\u0142awia w panelu dyskusyjnym &#8222;Wsparcie s\u0142u\u017cb na wypadek zagro\u017ce\u0144 w szkole i plac\u00f3wce o\u015bwiatowej&#8221; wzi\u0105\u0142 udzia\u0142 <strong>z-ca kierownika Zespo\u0142u Szkole\u0144 i Doskonalenia Zawodowego Grzegorz Muchorowski.<\/strong><\/span><\/p>\n<p>&nbsp;<\/p>\n<p><img fetchpriority=\"high\" decoding=\"async\" class=\" wp-image-7105 aligncenter\" src=\"https:\/\/smwroclaw.pl\/wp-content\/uploads\/2019\/06\/Scan0001.jpg\" alt=\"\" width=\"426\" height=\"587\" srcset=\"https:\/\/smwroclaw.pl\/wp-content\/uploads\/2019\/06\/Scan0001.jpg 558w, https:\/\/smwroclaw.pl\/wp-content\/uploads\/2019\/06\/Scan0001-218x300.jpg 218w\" sizes=\"(max-width: 426px) 100vw, 426px\" \/><!--more--><\/p>\n<p><img decoding=\"async\" class=\" wp-image-7107 aligncenter\" src=\"https:\/\/smwroclaw.pl\/wp-content\/uploads\/2019\/06\/8261544441941093374.jpg\" alt=\"\" width=\"514\" height=\"912\" srcset=\"https:\/\/smwroclaw.pl\/wp-content\/uploads\/2019\/06\/8261544441941093374.jpg 721w, https:\/\/smwroclaw.pl\/wp-content\/uploads\/2019\/06\/8261544441941093374-169x300.jpg 169w\" sizes=\"(max-width: 514px) 100vw, 514px\" \/><\/p>\n<p><img decoding=\"async\" class=\" wp-image-7106 aligncenter\" src=\"https:\/\/smwroclaw.pl\/wp-content\/uploads\/2019\/06\/5866019947347688637.jpg\" alt=\"\" width=\"513\" height=\"911\" srcset=\"https:\/\/smwroclaw.pl\/wp-content\/uploads\/2019\/06\/5866019947347688637.jpg 721w, https:\/\/smwroclaw.pl\/wp-content\/uploads\/2019\/06\/5866019947347688637-169x300.jpg 169w\" sizes=\"(max-width: 513px) 100vw, 513px\" \/><\/p>\n<p>wf<\/p>\n<p>&nbsp;<\/p>\n<p>&nbsp;<\/p>\n","protected":false},"excerpt":{"rendered":"<p>04 czerwca 2019 r. odby\u0142a si\u0119 Konferencja na temat bezpiecze\u0144stwa w szko\u0142ach i plac\u00f3wkach o\u015bwiatowych zorganizowana przez Dolno\u015bl\u0105ski O\u015brodek Doskonalenia Nauczycieli we Wroc\u0142awiu. Udzia\u0142 wzi\u0119\u0142o wielu wybitnych znawc\u00f3w tematu m.in.: dr Jolanta Hory\u0144 dyrektor DODN we Wroc\u0142awiu, Zygmunt Korzeniewski, Katarzyna Nowicka &#8211; Pasternak, prof. dr hab. Barbara Wi\u015bniewska &#8211; Pa\u017a, prof. dr hab.Wojciech Hory\u0144 i [&hellip;]<\/p>\n","protected":false},"author":4,"featured_media":7112,"comment_status":"closed","ping_status":"closed","sticky":false,"template":"","format":"standard","meta":{"footnotes":""},"categories":[16,33],"tags":[],"class_list":["post-7102","post","type-post","status-publish","format-standard","has-post-thumbnail","hentry","category-aktual","category-prew"],"_links":{"self":[{"href":"https:\/\/smwroclaw.pl\/index.php?rest_route=\/wp\/v2\/posts\/7102","targetHints":{"allow":["GET"]}}],"collection":[{"href":"https:\/\/smwroclaw.pl\/index.php?rest_route=\/wp\/v2\/posts"}],"about":[{"href":"https:\/\/smwroclaw.pl\/index.php?rest_route=\/wp\/v2\/types\/post"}],"author":[{"embeddable":true,"href":"https:\/\/smwroclaw.pl\/index.php?rest_route=\/wp\/v2\/users\/4"}],"replies":[{"embeddable":true,"href":"https:\/\/smwroclaw.pl\/index.php?rest_route=%2Fwp%2Fv2%2Fcomments&post=7102"}],"version-history":[{"count":11,"href":"https:\/\/smwroclaw.pl\/index.php?rest_route=\/wp\/v2\/posts\/7102\/revisions"}],"predecessor-version":[{"id":7622,"href":"https:\/\/smwroclaw.pl\/index.php?rest_route=\/wp\/v2\/posts\/7102\/revisions\/7622"}],"wp:featuredmedia":[{"embeddable":true,"href":"https:\/\/smwroclaw.pl\/index.php?rest_route=\/wp\/v2\/media\/7112"}],"wp:attachment":[{"href":"https:\/\/smwroclaw.pl\/index.php?rest_route=%2Fwp%2Fv2%2Fmedia&parent=7102"}],"wp:term":[{"taxonomy":"category","embeddable":true,"href":"https:\/\/smwroclaw.pl\/index.php?rest_route=%2Fwp%2Fv2%2Fcategories&post=7102"},{"taxonomy":"post_tag","embeddable":true,"href":"https:\/\/smwroclaw.pl\/index.php?rest_route=%2Fwp%2Fv2%2Ftags&post=7102"}],"curies":[{"name":"wp","href":"https:\/\/api.w.org\/{rel}","templated":true}]}}