{"id":7753,"date":"2019-08-13T07:27:16","date_gmt":"2019-08-13T05:27:16","guid":{"rendered":"http:\/\/smwroclaw.pl\/?p=7753"},"modified":"2019-08-13T07:33:26","modified_gmt":"2019-08-13T05:33:26","slug":"mowa-nienawisci-znika-z-wroclawskich-murow-zdjecia","status":"publish","type":"post","link":"https:\/\/smwroclaw.pl\/?p=7753","title":{"rendered":"MOWA NIENAWI\u015aCI ZNIKA Z WROC\u0141AWSKICH MUR\u00d3W (zdj\u0119cia)"},"content":{"rendered":"<p style=\"text-align: justify;\"><span style=\"font-size: 12pt;\"><strong>12 sierpnia 2019 r<\/strong>. dzi\u0119ki aktywno\u015bci os\u00f3b dla kt\u00f3rych mowa nienawi\u015bci, zw\u0142aszcza w przestrzeni publicznej, jest nie do przyj\u0119cia &#8211; uda\u0142o si\u0119 usun\u0105\u0107 napisy przy <strong>ulicy Kolejowej 36<\/strong>. Pracownicy Wroc\u0142awskiego Centrum Integracji przy asy\u015bcie stra\u017cnik\u00f3w miejskich, zamalowali napisy.<\/span><\/p>\n<p style=\"text-align: justify;\"><span style=\"font-size: 12pt;\">Je\u017celi chcemy zg\u0142osi\u0107 podobne przypadki mowy nienawi\u015bci, mo\u017cna to zrobi\u0107 poprzez formularz zg\u0142oszeniowy <strong>WCI<\/strong> &#8211; na stronie <strong>Stra\u017cy Miejskiej Wroc\u0142awia<\/strong> klikaj\u0105c logo akcji <strong>STOP MOWIE NIENAWI\u015aCI.<\/strong><\/span><\/p>\n<p>&nbsp;<\/p>\n<p><img fetchpriority=\"high\" decoding=\"async\" class=\" wp-image-7756 aligncenter\" src=\"https:\/\/smwroclaw.pl\/wp-content\/uploads\/2019\/08\/1.png\" alt=\"\" width=\"338\" height=\"450\" srcset=\"https:\/\/smwroclaw.pl\/wp-content\/uploads\/2019\/08\/1.png 447w, https:\/\/smwroclaw.pl\/wp-content\/uploads\/2019\/08\/1-225x300.png 225w\" sizes=\"(max-width: 338px) 100vw, 338px\" \/><\/p>\n<p><!--more--><\/p>\n<p><img decoding=\"async\" class=\"size-full wp-image-7759 aligncenter\" src=\"https:\/\/smwroclaw.pl\/wp-content\/uploads\/2019\/08\/2.png\" alt=\"\" width=\"448\" height=\"575\" srcset=\"https:\/\/smwroclaw.pl\/wp-content\/uploads\/2019\/08\/2.png 448w, https:\/\/smwroclaw.pl\/wp-content\/uploads\/2019\/08\/2-234x300.png 234w\" sizes=\"(max-width: 448px) 100vw, 448px\" \/><\/p>\n<p>\u00a0<img decoding=\"async\" class=\"size-large wp-image-7758 aligncenter\" src=\"https:\/\/smwroclaw.pl\/wp-content\/uploads\/2019\/08\/3.png\" alt=\"\" width=\"452\" height=\"451\" srcset=\"https:\/\/smwroclaw.pl\/wp-content\/uploads\/2019\/08\/3.png 452w, https:\/\/smwroclaw.pl\/wp-content\/uploads\/2019\/08\/3-300x300.png 300w\" sizes=\"(max-width: 452px) 100vw, 452px\" \/><\/p>\n<p><img loading=\"lazy\" decoding=\"async\" class=\"size-full wp-image-7760 aligncenter\" src=\"https:\/\/smwroclaw.pl\/wp-content\/uploads\/2019\/08\/4.png\" alt=\"\" width=\"298\" height=\"275\" \/><\/p>\n<p><img loading=\"lazy\" decoding=\"async\" class=\" wp-image-7761 aligncenter\" src=\"https:\/\/smwroclaw.pl\/wp-content\/uploads\/2019\/08\/5.png\" alt=\"\" width=\"473\" height=\"351\" srcset=\"https:\/\/smwroclaw.pl\/wp-content\/uploads\/2019\/08\/5.png 411w, https:\/\/smwroclaw.pl\/wp-content\/uploads\/2019\/08\/5-300x223.png 300w\" sizes=\"(max-width: 473px) 100vw, 473px\" \/><\/p>\n<p><img loading=\"lazy\" decoding=\"async\" class=\" wp-image-7762 aligncenter\" src=\"https:\/\/smwroclaw.pl\/wp-content\/uploads\/2019\/08\/6.png\" alt=\"\" width=\"629\" height=\"150\" srcset=\"https:\/\/smwroclaw.pl\/wp-content\/uploads\/2019\/08\/6.png 818w, https:\/\/smwroclaw.pl\/wp-content\/uploads\/2019\/08\/6-300x72.png 300w, https:\/\/smwroclaw.pl\/wp-content\/uploads\/2019\/08\/6-768x183.png 768w\" sizes=\"(max-width: 629px) 100vw, 629px\" \/><\/p>\n<p><img loading=\"lazy\" decoding=\"async\" class=\" wp-image-7763 aligncenter\" src=\"https:\/\/smwroclaw.pl\/wp-content\/uploads\/2019\/08\/7.png\" alt=\"\" width=\"625\" height=\"377\" srcset=\"https:\/\/smwroclaw.pl\/wp-content\/uploads\/2019\/08\/7.png 812w, https:\/\/smwroclaw.pl\/wp-content\/uploads\/2019\/08\/7-300x181.png 300w, https:\/\/smwroclaw.pl\/wp-content\/uploads\/2019\/08\/7-768x463.png 768w\" sizes=\"(max-width: 625px) 100vw, 625px\" \/><\/p>\n<p><img loading=\"lazy\" decoding=\"async\" class=\"size-full wp-image-7764 aligncenter\" src=\"https:\/\/smwroclaw.pl\/wp-content\/uploads\/2019\/08\/8.png\" alt=\"\" width=\"454\" height=\"528\" srcset=\"https:\/\/smwroclaw.pl\/wp-content\/uploads\/2019\/08\/8.png 454w, https:\/\/smwroclaw.pl\/wp-content\/uploads\/2019\/08\/8-258x300.png 258w\" sizes=\"(max-width: 454px) 100vw, 454px\" \/><\/p>\n<p><img loading=\"lazy\" decoding=\"async\" class=\"size-full wp-image-7765 aligncenter\" src=\"https:\/\/smwroclaw.pl\/wp-content\/uploads\/2019\/08\/9.png\" alt=\"\" width=\"456\" height=\"561\" srcset=\"https:\/\/smwroclaw.pl\/wp-content\/uploads\/2019\/08\/9.png 456w, https:\/\/smwroclaw.pl\/wp-content\/uploads\/2019\/08\/9-244x300.png 244w\" sizes=\"(max-width: 456px) 100vw, 456px\" \/><\/p>\n<p><img loading=\"lazy\" decoding=\"async\" class=\"size-full wp-image-7766 aligncenter\" src=\"https:\/\/smwroclaw.pl\/wp-content\/uploads\/2019\/08\/10.png\" alt=\"\" width=\"453\" height=\"588\" srcset=\"https:\/\/smwroclaw.pl\/wp-content\/uploads\/2019\/08\/10.png 453w, https:\/\/smwroclaw.pl\/wp-content\/uploads\/2019\/08\/10-231x300.png 231w\" sizes=\"(max-width: 453px) 100vw, 453px\" \/><\/p>\n<p><img loading=\"lazy\" decoding=\"async\" class=\"wp-image-7767 aligncenter\" src=\"https:\/\/smwroclaw.pl\/wp-content\/uploads\/2019\/08\/11.png\" alt=\"\" width=\"685\" height=\"450\" srcset=\"https:\/\/smwroclaw.pl\/wp-content\/uploads\/2019\/08\/11.png 788w, https:\/\/smwroclaw.pl\/wp-content\/uploads\/2019\/08\/11-300x197.png 300w, https:\/\/smwroclaw.pl\/wp-content\/uploads\/2019\/08\/11-768x505.png 768w\" sizes=\"(max-width: 685px) 100vw, 685px\" \/><\/p>\n<p>wf<\/p>\n<p>&nbsp;<\/p>\n","protected":false},"excerpt":{"rendered":"<p>12 sierpnia 2019 r. dzi\u0119ki aktywno\u015bci os\u00f3b dla kt\u00f3rych mowa nienawi\u015bci, zw\u0142aszcza w przestrzeni publicznej, jest nie do przyj\u0119cia &#8211; uda\u0142o si\u0119 usun\u0105\u0107 napisy przy ulicy Kolejowej 36. Pracownicy Wroc\u0142awskiego Centrum Integracji przy asy\u015bcie stra\u017cnik\u00f3w miejskich, zamalowali napisy. Je\u017celi chcemy zg\u0142osi\u0107 podobne przypadki mowy nienawi\u015bci, mo\u017cna to zrobi\u0107 poprzez formularz zg\u0142oszeniowy WCI &#8211; na stronie [&hellip;]<\/p>\n","protected":false},"author":4,"featured_media":7752,"comment_status":"closed","ping_status":"closed","sticky":false,"template":"","format":"standard","meta":{"footnotes":""},"categories":[16],"tags":[],"class_list":["post-7753","post","type-post","status-publish","format-standard","has-post-thumbnail","hentry","category-aktual"],"_links":{"self":[{"href":"https:\/\/smwroclaw.pl\/index.php?rest_route=\/wp\/v2\/posts\/7753","targetHints":{"allow":["GET"]}}],"collection":[{"href":"https:\/\/smwroclaw.pl\/index.php?rest_route=\/wp\/v2\/posts"}],"about":[{"href":"https:\/\/smwroclaw.pl\/index.php?rest_route=\/wp\/v2\/types\/post"}],"author":[{"embeddable":true,"href":"https:\/\/smwroclaw.pl\/index.php?rest_route=\/wp\/v2\/users\/4"}],"replies":[{"embeddable":true,"href":"https:\/\/smwroclaw.pl\/index.php?rest_route=%2Fwp%2Fv2%2Fcomments&post=7753"}],"version-history":[{"count":6,"href":"https:\/\/smwroclaw.pl\/index.php?rest_route=\/wp\/v2\/posts\/7753\/revisions"}],"predecessor-version":[{"id":7772,"href":"https:\/\/smwroclaw.pl\/index.php?rest_route=\/wp\/v2\/posts\/7753\/revisions\/7772"}],"wp:featuredmedia":[{"embeddable":true,"href":"https:\/\/smwroclaw.pl\/index.php?rest_route=\/wp\/v2\/media\/7752"}],"wp:attachment":[{"href":"https:\/\/smwroclaw.pl\/index.php?rest_route=%2Fwp%2Fv2%2Fmedia&parent=7753"}],"wp:term":[{"taxonomy":"category","embeddable":true,"href":"https:\/\/smwroclaw.pl\/index.php?rest_route=%2Fwp%2Fv2%2Fcategories&post=7753"},{"taxonomy":"post_tag","embeddable":true,"href":"https:\/\/smwroclaw.pl\/index.php?rest_route=%2Fwp%2Fv2%2Ftags&post=7753"}],"curies":[{"name":"wp","href":"https:\/\/api.w.org\/{rel}","templated":true}]}}