{"id":7792,"date":"2019-08-14T12:57:01","date_gmt":"2019-08-14T10:57:01","guid":{"rendered":"http:\/\/smwroclaw.pl\/?p=7792"},"modified":"2019-08-14T13:36:49","modified_gmt":"2019-08-14T11:36:49","slug":"porozmawiajmy-o-przadku-i-bezpieczenstwie-juz-w-najblizszy-piatek","status":"publish","type":"post","link":"https:\/\/smwroclaw.pl\/?p=7792","title":{"rendered":"POROZMAWIAJMY O PORZ\u0104DKU I BEZPIECZE\u0143STWIE &#8211; ju\u017c w najbli\u017cszy pi\u0105tek"},"content":{"rendered":"<p style=\"text-align: justify;\"><span style=\"font-family: georgia, palatino, serif; font-size: 12pt;\">W dniu <strong>16.08.2019 r.<\/strong> o godz. <strong>19.30<\/strong> zapraszamy na spotkanie ze stra\u017cnikami miejskimi do <strong>Centrum Historii Zajezdnia przy ul. Grabiszy\u0144skiej 18.<\/strong> Nasi funkcjonariusze b\u0119d\u0105 m\u00f3wi\u0107 o tym, jak radzi\u0107 sobie w trudnych sytuacjach zagra\u017caj\u0105cych \u017cyciu i zdrowiu. Ka\u017cdy zainteresowany b\u0119dzie m\u00f3g\u0142 pozna\u0107 podstawowe zasady udzielania pierwszej pomocy. B\u0119dzie to pierwsze spotkanie w ramach cyklu<strong> \u201ePod parasolem bezpiecze\u0144stwa\u201d.<\/strong><\/span><\/p>\n<p><img fetchpriority=\"high\" decoding=\"async\" class=\" wp-image-7794 aligncenter\" src=\"https:\/\/smwroclaw.pl\/wp-content\/uploads\/2019\/08\/POROZMAWIAJMY-O-BEZPIECZE\u0143STWIE-I-PORZ\u0104DKU.png\" alt=\"\" width=\"689\" height=\"345\" srcset=\"https:\/\/smwroclaw.pl\/wp-content\/uploads\/2019\/08\/POROZMAWIAJMY-O-BEZPIECZE\u0143STWIE-I-PORZ\u0104DKU.png 1024w, https:\/\/smwroclaw.pl\/wp-content\/uploads\/2019\/08\/POROZMAWIAJMY-O-BEZPIECZE\u0143STWIE-I-PORZ\u0104DKU-300x150.png 300w, https:\/\/smwroclaw.pl\/wp-content\/uploads\/2019\/08\/POROZMAWIAJMY-O-BEZPIECZE\u0143STWIE-I-PORZ\u0104DKU-768x384.png 768w\" sizes=\"(max-width: 689px) 100vw, 689px\" \/><\/p>\n","protected":false},"excerpt":{"rendered":"<p>W dniu 16.08.2019 r. o godz. 19.30 zapraszamy na spotkanie ze stra\u017cnikami miejskimi do Centrum Historii Zajezdnia przy ul. Grabiszy\u0144skiej 18. Nasi funkcjonariusze b\u0119d\u0105 m\u00f3wi\u0107 o tym, jak radzi\u0107 sobie w trudnych sytuacjach zagra\u017caj\u0105cych \u017cyciu i zdrowiu. Ka\u017cdy zainteresowany b\u0119dzie m\u00f3g\u0142 pozna\u0107 podstawowe zasady udzielania pierwszej pomocy. B\u0119dzie to pierwsze spotkanie w ramach cyklu \u201ePod [&hellip;]<\/p>\n","protected":false},"author":4,"featured_media":0,"comment_status":"closed","ping_status":"closed","sticky":false,"template":"","format":"standard","meta":{"footnotes":""},"categories":[16],"tags":[],"class_list":["post-7792","post","type-post","status-publish","format-standard","hentry","category-aktual"],"_links":{"self":[{"href":"https:\/\/smwroclaw.pl\/index.php?rest_route=\/wp\/v2\/posts\/7792","targetHints":{"allow":["GET"]}}],"collection":[{"href":"https:\/\/smwroclaw.pl\/index.php?rest_route=\/wp\/v2\/posts"}],"about":[{"href":"https:\/\/smwroclaw.pl\/index.php?rest_route=\/wp\/v2\/types\/post"}],"author":[{"embeddable":true,"href":"https:\/\/smwroclaw.pl\/index.php?rest_route=\/wp\/v2\/users\/4"}],"replies":[{"embeddable":true,"href":"https:\/\/smwroclaw.pl\/index.php?rest_route=%2Fwp%2Fv2%2Fcomments&post=7792"}],"version-history":[{"count":5,"href":"https:\/\/smwroclaw.pl\/index.php?rest_route=\/wp\/v2\/posts\/7792\/revisions"}],"predecessor-version":[{"id":7806,"href":"https:\/\/smwroclaw.pl\/index.php?rest_route=\/wp\/v2\/posts\/7792\/revisions\/7806"}],"wp:attachment":[{"href":"https:\/\/smwroclaw.pl\/index.php?rest_route=%2Fwp%2Fv2%2Fmedia&parent=7792"}],"wp:term":[{"taxonomy":"category","embeddable":true,"href":"https:\/\/smwroclaw.pl\/index.php?rest_route=%2Fwp%2Fv2%2Fcategories&post=7792"},{"taxonomy":"post_tag","embeddable":true,"href":"https:\/\/smwroclaw.pl\/index.php?rest_route=%2Fwp%2Fv2%2Ftags&post=7792"}],"curies":[{"name":"wp","href":"https:\/\/api.w.org\/{rel}","templated":true}]}}