{"id":7822,"date":"2019-08-20T12:08:28","date_gmt":"2019-08-20T10:08:28","guid":{"rendered":"http:\/\/smwroclaw.pl\/?p=7822"},"modified":"2019-08-20T12:09:46","modified_gmt":"2019-08-20T10:09:46","slug":"bezdomny-w-parku-staszica-pomozemy","status":"publish","type":"post","link":"https:\/\/smwroclaw.pl\/?p=7822","title":{"rendered":"BEZDOMNY W PARKU STASZICA &#8211; pomo\u017cemy"},"content":{"rendered":"<p style=\"text-align: justify;\"><span style=\"font-size: 12pt;\">Stra\u017cnicy miejscy otrzymali informacj\u0119 o <strong>osobie bezdomne<\/strong>j, kt\u00f3ra przebywa w <strong>Parku Staszica<\/strong> &#8211; patrol, kt\u00f3ry dzisiaj (20 sierpnia 2019 r.) odwiedzi\u0142 to miejsce, znalaz\u0142 r\u00f3\u017cnego rodzaju rzeczy zgromadzone w workach foliowych (by\u0142a tam odzie\u017c, jedzenie). Od os\u00f3b przebywaj\u0105cych w pobli\u017cu dowiedzieli\u015bmy si\u0119, \u017ce bezdomny, pojawia si\u0119 w tym miejscu wieczorami. Zajmiemy si\u0119 t\u0105 spraw\u0105. B\u0119dziemy to miejsce jeszcze kontrolowa\u0107 &#8211; m\u0119\u017cczy\u017anie zostanie zaproponowana pomoc (przewiezienie do schroniska lub noclegowni), sprawdzimy w jakim jest stanie zdrowia (mo\u017ce konieczna jest pomoc medyczna). Wspomog\u0105 nas w tym pracownicy <strong>MOPS-u<\/strong> (mamy wieloletnie do\u015bwiadczenie wsp\u00f3lnej pracy na rzecz os\u00f3b potrzebuj\u0105cych pomocy) oraz wroc\u0142awscy <strong>streetworkerzy z Fundacji HOMO SACER<\/strong>. Prosimy o reagowanie i zg\u0142aszanie do stra\u017cy miejskiej takich przypadk\u00f3w &#8211; pomo\u017cemy!<\/span><\/p>\n<p><img fetchpriority=\"high\" decoding=\"async\" class=\" wp-image-7826 aligncenter\" src=\"https:\/\/smwroclaw.pl\/wp-content\/uploads\/2019\/08\/7792884384467753778.jpg\" alt=\"\" width=\"343\" height=\"457\" srcset=\"https:\/\/smwroclaw.pl\/wp-content\/uploads\/2019\/08\/7792884384467753778.jpg 1080w, https:\/\/smwroclaw.pl\/wp-content\/uploads\/2019\/08\/7792884384467753778-225x300.jpg 225w, https:\/\/smwroclaw.pl\/wp-content\/uploads\/2019\/08\/7792884384467753778-768x1024.jpg 768w\" sizes=\"(max-width: 343px) 100vw, 343px\" \/><!--more--><\/p>\n<p><img decoding=\"async\" class=\" wp-image-7823 aligncenter\" src=\"https:\/\/smwroclaw.pl\/wp-content\/uploads\/2019\/08\/170746935155856917.jpg\" alt=\"\" width=\"571\" height=\"761\" srcset=\"https:\/\/smwroclaw.pl\/wp-content\/uploads\/2019\/08\/170746935155856917.jpg 1080w, https:\/\/smwroclaw.pl\/wp-content\/uploads\/2019\/08\/170746935155856917-225x300.jpg 225w, https:\/\/smwroclaw.pl\/wp-content\/uploads\/2019\/08\/170746935155856917-768x1024.jpg 768w\" sizes=\"(max-width: 571px) 100vw, 571px\" \/><\/p>\n<p><img decoding=\"async\" class=\" wp-image-7824 aligncenter\" src=\"https:\/\/smwroclaw.pl\/wp-content\/uploads\/2019\/08\/3341426559391369586.jpg\" alt=\"\" width=\"577\" height=\"770\" srcset=\"https:\/\/smwroclaw.pl\/wp-content\/uploads\/2019\/08\/3341426559391369586.jpg 1080w, https:\/\/smwroclaw.pl\/wp-content\/uploads\/2019\/08\/3341426559391369586-225x300.jpg 225w, https:\/\/smwroclaw.pl\/wp-content\/uploads\/2019\/08\/3341426559391369586-768x1024.jpg 768w\" sizes=\"(max-width: 577px) 100vw, 577px\" \/><\/p>\n<p><img loading=\"lazy\" decoding=\"async\" class=\" wp-image-7825 aligncenter\" src=\"https:\/\/smwroclaw.pl\/wp-content\/uploads\/2019\/08\/6727134249715191111.jpg\" alt=\"\" width=\"584\" height=\"779\" srcset=\"https:\/\/smwroclaw.pl\/wp-content\/uploads\/2019\/08\/6727134249715191111.jpg 1080w, https:\/\/smwroclaw.pl\/wp-content\/uploads\/2019\/08\/6727134249715191111-225x300.jpg 225w, https:\/\/smwroclaw.pl\/wp-content\/uploads\/2019\/08\/6727134249715191111-768x1024.jpg 768w\" sizes=\"(max-width: 584px) 100vw, 584px\" \/><\/p>\n<p>wf<\/p>\n<p>&nbsp;<\/p>\n","protected":false},"excerpt":{"rendered":"<p>Stra\u017cnicy miejscy otrzymali informacj\u0119 o osobie bezdomnej, kt\u00f3ra przebywa w Parku Staszica &#8211; patrol, kt\u00f3ry dzisiaj (20 sierpnia 2019 r.) odwiedzi\u0142 to miejsce, znalaz\u0142 r\u00f3\u017cnego rodzaju rzeczy zgromadzone w workach foliowych (by\u0142a tam odzie\u017c, jedzenie). Od os\u00f3b przebywaj\u0105cych w pobli\u017cu dowiedzieli\u015bmy si\u0119, \u017ce bezdomny, pojawia si\u0119 w tym miejscu wieczorami. Zajmiemy si\u0119 t\u0105 spraw\u0105. B\u0119dziemy [&hellip;]<\/p>\n","protected":false},"author":4,"featured_media":7335,"comment_status":"closed","ping_status":"closed","sticky":false,"template":"","format":"standard","meta":{"footnotes":""},"categories":[16],"tags":[],"class_list":["post-7822","post","type-post","status-publish","format-standard","has-post-thumbnail","hentry","category-aktual"],"_links":{"self":[{"href":"https:\/\/smwroclaw.pl\/index.php?rest_route=\/wp\/v2\/posts\/7822","targetHints":{"allow":["GET"]}}],"collection":[{"href":"https:\/\/smwroclaw.pl\/index.php?rest_route=\/wp\/v2\/posts"}],"about":[{"href":"https:\/\/smwroclaw.pl\/index.php?rest_route=\/wp\/v2\/types\/post"}],"author":[{"embeddable":true,"href":"https:\/\/smwroclaw.pl\/index.php?rest_route=\/wp\/v2\/users\/4"}],"replies":[{"embeddable":true,"href":"https:\/\/smwroclaw.pl\/index.php?rest_route=%2Fwp%2Fv2%2Fcomments&post=7822"}],"version-history":[{"count":5,"href":"https:\/\/smwroclaw.pl\/index.php?rest_route=\/wp\/v2\/posts\/7822\/revisions"}],"predecessor-version":[{"id":7831,"href":"https:\/\/smwroclaw.pl\/index.php?rest_route=\/wp\/v2\/posts\/7822\/revisions\/7831"}],"wp:featuredmedia":[{"embeddable":true,"href":"https:\/\/smwroclaw.pl\/index.php?rest_route=\/wp\/v2\/media\/7335"}],"wp:attachment":[{"href":"https:\/\/smwroclaw.pl\/index.php?rest_route=%2Fwp%2Fv2%2Fmedia&parent=7822"}],"wp:term":[{"taxonomy":"category","embeddable":true,"href":"https:\/\/smwroclaw.pl\/index.php?rest_route=%2Fwp%2Fv2%2Fcategories&post=7822"},{"taxonomy":"post_tag","embeddable":true,"href":"https:\/\/smwroclaw.pl\/index.php?rest_route=%2Fwp%2Fv2%2Ftags&post=7822"}],"curies":[{"name":"wp","href":"https:\/\/api.w.org\/{rel}","templated":true}]}}