{"id":7844,"date":"2019-08-22T11:14:34","date_gmt":"2019-08-22T09:14:34","guid":{"rendered":"http:\/\/smwroclaw.pl\/?p=7844"},"modified":"2019-08-22T13:59:30","modified_gmt":"2019-08-22T11:59:30","slug":"wroclawscy-aktywisci-miejscy-apeluja-badzcie-bardziej-represyjni-wobec-kierowcow-popelniajacych-wykroczenia","status":"publish","type":"post","link":"https:\/\/smwroclaw.pl\/?p=7844","title":{"rendered":"WROC\u0141AWSCY AKTYWI\u015aCI MIEJSCY APELUJ\u0104 \u2013 b\u0105d\u017acie bardziej represyjni  wobec kierowc\u00f3w pope\u0142niaj\u0105cych wykroczenia !"},"content":{"rendered":"<p style=\"text-align: justify;\"><span style=\"font-family: georgia, palatino, serif; font-size: 12pt;\"><strong>Akcja Miasto<\/strong> to stowarzyszenie tworzone przez mieszka\u0144c\u00f3w i dla mieszka\u0144c\u00f3w Wroc\u0142awia. Dzia\u0142amy dla siebie, dla miasta i jego mieszka\u0144c\u00f3w, z otwarto\u015bci\u0105 na innych, energetycznie i z u\u015bmiechem.. Chcemy, by Wroc\u0142aw by\u0142 bardziej przyjaznym miastem do \u017cycia, pracy i wypoczynku. Pracujemy oddolnie i marzymy, \u017ce nasza aktywno\u015b\u0107 udzieli si\u0119 innym \u00a0( <a href=\"https:\/\/www.akcjamiasto.org\/info\/\">https:\/\/www.akcjamiasto.org\/info\/<\/a> )<\/span><\/p>\n<p style=\"text-align: justify;\"><span style=\"font-family: georgia, palatino, serif; font-size: 12pt;\">Jednym z problem\u00f3w, kt\u00f3ry zosta\u0142 wyartyku\u0142owany i \u00a0zg\u0142oszony <strong>Stra\u017cy Miejskiej Wroc\u0142awia<\/strong> \u00a0(odby\u0142y si\u0119 dwa spotkania) \u2013 <strong>to definitywne wyeliminowanie parkowania \u00a0pojazd\u00f3w &#8211; niezgodnego z obowi\u0105zuj\u0105cymi przepisami, na ulicy \u015bw. Antoniego.<\/strong> <\/span><\/p>\n<p style=\"text-align: justify;\"><span style=\"font-family: georgia, palatino, serif; font-size: 12pt;\">Aktywi\u015bci zwr\u00f3cili uwag\u0119 na :<\/span><\/p>\n<ul style=\"text-align: justify;\">\n<li><span style=\"font-family: georgia, palatino, serif; font-size: 12pt;\">nisk\u0105 wysoko\u015b\u0107 mandat\u00f3w,<\/span><\/li>\n<li><span style=\"font-family: georgia, palatino, serif; font-size: 12pt;\">postulowali zwi\u0119kszy\u0107 restrykcyjno\u015b\u0107 wobec kierowc\u00f3w,<\/span><\/li>\n<li><span style=\"font-family: georgia, palatino, serif; font-size: 12pt;\">unika\u0107 poucze\u0144,<\/span><\/li>\n<li><span style=\"font-family: georgia, palatino, serif; font-size: 12pt;\">zak\u0142ada\u0107 wi\u0119cej blokad.<\/span><\/li>\n<\/ul>\n<p><!--more--><\/p>\n<p style=\"text-align: justify;\"><span style=\"font-family: georgia, palatino, serif; font-size: 12pt;\">Przypomnie\u0107 nale\u017cy, \u017ce ulica \u015bw. Antoniego jest <strong>\u201estref\u0105 zamieszkania\u201d<\/strong>, czyli pojazdy mog\u0105 parkowa\u0107, tylko i wy\u0142\u0105cznie w miejscach wyznaczonych. Parkowanie poza miejscami wyznaczonymi jest wykroczeniem, zagro\u017conym mandatem w wysoko\u015bci 100 z\u0142 oraz na\u0142o\u017ceniem 1 punktu karnego.<\/span><\/p>\n<p style=\"text-align: justify;\"><span style=\"font-family: georgia, palatino, serif; font-size: 12pt;\"><strong>W bie\u017c\u0105cym roku (do 15.08.2019)<\/strong> stra\u017cnicy miejscy otrzymali <strong>114 <\/strong>zg\u0142osze\u0144 dotycz\u0105cych nieprawid\u0142owo\u015bci na tej ulicy, z tego <strong>82<\/strong> zg\u0142oszenia dotyczy\u0142o wykrocze\u0144 drogowych. \u00a0Stra\u017cnicy za\u0142o\u017cyli <strong>15<\/strong> blokad, <strong>1<\/strong> pojazd zosta\u0142 odholowany na lawecie, na\u0142o\u017cono <strong>36<\/strong> mandat\u00f3w, \u00a0ponadto wystawiono <strong>114<\/strong> zawiadomie\u0144 o pope\u0142nionym wykroczeniu\u00a0 (wszcz\u0119cie post\u0119powania o wykroczenie).<\/span><\/p>\n<p style=\"text-align: justify;\"><span style=\"font-family: georgia, palatino, serif; font-size: 12pt;\">Bior\u0105c pod uwag\u0119 g\u0142os aktywist\u00f3w miejskich, postanowiono zaktywizowa\u0107 dzia\u0142ania na ulicy \u015bw. Antoniego, co niestety skutkuje przesuni\u0119ciem patroli z innych newralgicznych miejsc, w kt\u00f3rych nasza obecno\u015b\u0107 te\u017c jest potrzebna.<\/span><\/p>\n<p style=\"text-align: justify;\"><span style=\"font-family: georgia, palatino, serif; font-size: 12pt;\">Dzia\u0142ania s\u0105 prowadzone od 19 sierpnia 2019 r. Pomi\u0119dzy <strong>19 a 21 sierpnia<\/strong>, stra\u017cnicy za\u0142o\u017cyli <strong>30 blokad<\/strong> oraz na\u0142o\u017cyli <strong>44<\/strong> mandaty na sum\u0119 <strong>4400 z\u0142<\/strong>.<\/span><\/p>\n<p style=\"text-align: justify;\"><span style=\"font-family: georgia, palatino, serif; font-size: 12pt;\">Akcja Miasto wskaza\u0142a jeszcze 3 miejsca w \u015bcis\u0142ym centrum Wroc\u0142awia, gdzie postuluje zwi\u0119kszon\u0105 aktywno\u015b\u0107 patroli stra\u017cy miejskiej.<\/span><\/p>\n<p><img fetchpriority=\"high\" decoding=\"async\" class=\" wp-image-7846 aligncenter\" src=\"https:\/\/smwroclaw.pl\/wp-content\/uploads\/2019\/08\/blokadu-\u015bw.-Antoniego-6.jpg\" alt=\"\" width=\"616\" height=\"821\" srcset=\"https:\/\/smwroclaw.pl\/wp-content\/uploads\/2019\/08\/blokadu-\u015bw.-Antoniego-6.jpg 1200w, https:\/\/smwroclaw.pl\/wp-content\/uploads\/2019\/08\/blokadu-\u015bw.-Antoniego-6-225x300.jpg 225w, https:\/\/smwroclaw.pl\/wp-content\/uploads\/2019\/08\/blokadu-\u015bw.-Antoniego-6-768x1024.jpg 768w\" sizes=\"(max-width: 616px) 100vw, 616px\" \/><\/p>\n<p><img decoding=\"async\" class=\" wp-image-7847 aligncenter\" src=\"https:\/\/smwroclaw.pl\/wp-content\/uploads\/2019\/08\/blokadu-\u015bw.-Antoniego-8.jpg\" alt=\"\" width=\"625\" height=\"833\" srcset=\"https:\/\/smwroclaw.pl\/wp-content\/uploads\/2019\/08\/blokadu-\u015bw.-Antoniego-8.jpg 1200w, https:\/\/smwroclaw.pl\/wp-content\/uploads\/2019\/08\/blokadu-\u015bw.-Antoniego-8-225x300.jpg 225w, https:\/\/smwroclaw.pl\/wp-content\/uploads\/2019\/08\/blokadu-\u015bw.-Antoniego-8-768x1024.jpg 768w\" sizes=\"(max-width: 625px) 100vw, 625px\" \/><\/p>\n<p>\u00a0<img decoding=\"async\" class=\" wp-image-7849 aligncenter\" src=\"https:\/\/smwroclaw.pl\/wp-content\/uploads\/2019\/08\/Inkedblokadu-\u015bw.-Antoniego-7_LI.jpg\" alt=\"\" width=\"624\" height=\"832\" srcset=\"https:\/\/smwroclaw.pl\/wp-content\/uploads\/2019\/08\/Inkedblokadu-\u015bw.-Antoniego-7_LI.jpg 1200w, https:\/\/smwroclaw.pl\/wp-content\/uploads\/2019\/08\/Inkedblokadu-\u015bw.-Antoniego-7_LI-225x300.jpg 225w, https:\/\/smwroclaw.pl\/wp-content\/uploads\/2019\/08\/Inkedblokadu-\u015bw.-Antoniego-7_LI-768x1024.jpg 768w\" sizes=\"(max-width: 624px) 100vw, 624px\" \/><\/p>\n<p>wf<\/p>\n","protected":false},"excerpt":{"rendered":"<p>Akcja Miasto to stowarzyszenie tworzone przez mieszka\u0144c\u00f3w i dla mieszka\u0144c\u00f3w Wroc\u0142awia. Dzia\u0142amy dla siebie, dla miasta i jego mieszka\u0144c\u00f3w, z otwarto\u015bci\u0105 na innych, energetycznie i z u\u015bmiechem.. Chcemy, by Wroc\u0142aw by\u0142 bardziej przyjaznym miastem do \u017cycia, pracy i wypoczynku. Pracujemy oddolnie i marzymy, \u017ce nasza aktywno\u015b\u0107 udzieli si\u0119 innym \u00a0( https:\/\/www.akcjamiasto.org\/info\/ ) Jednym z problem\u00f3w, [&hellip;]<\/p>\n","protected":false},"author":4,"featured_media":7335,"comment_status":"closed","ping_status":"closed","sticky":false,"template":"","format":"standard","meta":{"footnotes":""},"categories":[16],"tags":[],"class_list":["post-7844","post","type-post","status-publish","format-standard","has-post-thumbnail","hentry","category-aktual"],"_links":{"self":[{"href":"https:\/\/smwroclaw.pl\/index.php?rest_route=\/wp\/v2\/posts\/7844","targetHints":{"allow":["GET"]}}],"collection":[{"href":"https:\/\/smwroclaw.pl\/index.php?rest_route=\/wp\/v2\/posts"}],"about":[{"href":"https:\/\/smwroclaw.pl\/index.php?rest_route=\/wp\/v2\/types\/post"}],"author":[{"embeddable":true,"href":"https:\/\/smwroclaw.pl\/index.php?rest_route=\/wp\/v2\/users\/4"}],"replies":[{"embeddable":true,"href":"https:\/\/smwroclaw.pl\/index.php?rest_route=%2Fwp%2Fv2%2Fcomments&post=7844"}],"version-history":[{"count":6,"href":"https:\/\/smwroclaw.pl\/index.php?rest_route=\/wp\/v2\/posts\/7844\/revisions"}],"predecessor-version":[{"id":7854,"href":"https:\/\/smwroclaw.pl\/index.php?rest_route=\/wp\/v2\/posts\/7844\/revisions\/7854"}],"wp:featuredmedia":[{"embeddable":true,"href":"https:\/\/smwroclaw.pl\/index.php?rest_route=\/wp\/v2\/media\/7335"}],"wp:attachment":[{"href":"https:\/\/smwroclaw.pl\/index.php?rest_route=%2Fwp%2Fv2%2Fmedia&parent=7844"}],"wp:term":[{"taxonomy":"category","embeddable":true,"href":"https:\/\/smwroclaw.pl\/index.php?rest_route=%2Fwp%2Fv2%2Fcategories&post=7844"},{"taxonomy":"post_tag","embeddable":true,"href":"https:\/\/smwroclaw.pl\/index.php?rest_route=%2Fwp%2Fv2%2Ftags&post=7844"}],"curies":[{"name":"wp","href":"https:\/\/api.w.org\/{rel}","templated":true}]}}