{"id":7863,"date":"2019-08-28T12:43:58","date_gmt":"2019-08-28T10:43:58","guid":{"rendered":"http:\/\/smwroclaw.pl\/?p=7863"},"modified":"2019-08-28T13:05:17","modified_gmt":"2019-08-28T11:05:17","slug":"zapraszamy-do-wspolnej-zabawy","status":"publish","type":"post","link":"https:\/\/smwroclaw.pl\/?p=7863","title":{"rendered":"ZAPRASZAMY DO WSP\u00d3LNEJ ZABAWY"},"content":{"rendered":"<p style=\"text-align: justify;\" align=\"center\"><span style=\"font-family: georgia, palatino, serif;\"><span style=\"font-size: 12pt;\">Zbli\u017caj\u0105ca si\u0119 <strong>XXVIII rocznica istnienia Stra\u017cy Miejskiej Wroc\u0142awia<\/strong> oraz <strong>\u015awi\u0119to Stra\u017cy Gminnych<\/strong>, to szczeg\u00f3lna okazja do bycia bli\u017cej mieszka\u0144c\u00f3w. W dniu <strong>1 wrze\u015bnia,<\/strong> w godzinach <strong>13:00 \u2013 18:00<\/strong>, na <strong>Wyspie S\u0142odowej<\/strong> odb\u0119dzie si\u0119 autoprezentacja naszej jednostki. B\u0119dziemy w ten dzie\u0144 przybli\u017ca\u0107 wszystkim, obszary naszego dzia\u0142ania &#8211; tym razem na weso\u0142o. Zapraszamy ca\u0142e rodziny &#8211; warto by\u0107 razem z nami !<\/span><!--more--><\/span><\/p>\n<p style=\"text-align: justify;\" align=\"center\"><span style=\"font-family: georgia, palatino, serif; font-size: 12pt;\">W trakcie imprezy zaplanowano wiele atrakcji m.in. pokaz sprz\u0119tu b\u0119d\u0105cego na wyposa\u017ceniu, organizacj\u0119 zabaw i konkurs\u00f3w dla dzieci i m\u0142odzie\u017cy. Dla doros\u0142ych przewidziano mo\u017cliwo\u015b\u0107 za\u0142o\u017cenia blokady na ko\u0142o radiowozu Stra\u017cy Miejskiej lub przej\u015bcie toru w alkogoglach. W trakcie autoprezentacji b\u0119dzie mo\u017cna zobaczy\u0107 samoch\u00f3d specjalistyczny Oddzia\u0142u Ochrony \u015arodowiska, kt\u00f3rego funkcjonariusze przybli\u017c tematyk\u0119 segregacji odpad\u00f3w oraz zagadnienia dotycz\u0105ce proekologicznych zachowa\u0144.\u00a0<\/span><\/p>\n<p style=\"text-align: justify;\" align=\"center\"><span style=\"font-family: georgia, palatino, serif; font-size: 12pt;\">W trakcie imprezy przewidujemy r\u00f3wnie\u017c pokazy patrolu konnego, pokazy pierwszej pomocy, nauk\u0119 przechodzenia przez pasy dla najm\u0142odszych oraz wiele innych atrakcji i niespodzianek.<\/span><\/p>\n<p style=\"text-align: justify;\" align=\"center\"><span style=\"font-family: georgia, palatino, serif; font-size: 12pt;\">W czasie prezentacji i zabaw, udzia\u0142 w festynie bierze r\u00f3wnie\u017c wiele innych instytucji i wystawc\u00f3w w ramach trwaj\u0105cego programu \u201eWyspa na Weekend\u201d<\/span><\/p>\n<p align=\"center\"><img fetchpriority=\"high\" decoding=\"async\" class=\" wp-image-7864 aligncenter\" src=\"https:\/\/smwroclaw.pl\/wp-content\/uploads\/2019\/08\/autoprezentacja-2019MALY-213x300.jpg\" alt=\"\" width=\"385\" height=\"542\" srcset=\"https:\/\/smwroclaw.pl\/wp-content\/uploads\/2019\/08\/autoprezentacja-2019MALY-213x300.jpg 213w, https:\/\/smwroclaw.pl\/wp-content\/uploads\/2019\/08\/autoprezentacja-2019MALY.jpg 639w\" sizes=\"(max-width: 385px) 100vw, 385px\" \/><\/p>\n<p align=\"center\"><span style=\"font-family: Verdana, sans-serif; font-size: 14pt;\"><span style=\"font-family: helvetica, arial, sans-serif;\">Zapraszamy wszystkich ch\u0119tnych do udzia\u0142u w imprezie.<\/span> <\/span><\/p>\n<p style=\"text-align: left;\" align=\"center\">wi\u0119cej:<\/p>\n<p><a href=\"https:\/\/pl-pl.facebook.com\/events\/323930368537196\/\">https:\/\/pl-pl.facebook.com\/events\/323930368537196\/<\/a><\/p>\n<p>&nbsp;<\/p>\n<p>AB<\/p>\n<p align=\"center\">\u00a0<\/p>\n","protected":false},"excerpt":{"rendered":"<p>Zbli\u017caj\u0105ca si\u0119 XXVIII rocznica istnienia Stra\u017cy Miejskiej Wroc\u0142awia oraz \u015awi\u0119to Stra\u017cy Gminnych, to szczeg\u00f3lna okazja do bycia bli\u017cej mieszka\u0144c\u00f3w. W dniu 1 wrze\u015bnia, w godzinach 13:00 \u2013 18:00, na Wyspie S\u0142odowej odb\u0119dzie si\u0119 autoprezentacja naszej jednostki. B\u0119dziemy w ten dzie\u0144 przybli\u017ca\u0107 wszystkim, obszary naszego dzia\u0142ania &#8211; tym razem na weso\u0142o. Zapraszamy ca\u0142e rodziny &#8211; warto [&hellip;]<\/p>\n","protected":false},"author":3,"featured_media":7866,"comment_status":"closed","ping_status":"closed","sticky":false,"template":"","format":"standard","meta":{"footnotes":""},"categories":[16],"tags":[],"class_list":["post-7863","post","type-post","status-publish","format-standard","has-post-thumbnail","hentry","category-aktual"],"_links":{"self":[{"href":"https:\/\/smwroclaw.pl\/index.php?rest_route=\/wp\/v2\/posts\/7863","targetHints":{"allow":["GET"]}}],"collection":[{"href":"https:\/\/smwroclaw.pl\/index.php?rest_route=\/wp\/v2\/posts"}],"about":[{"href":"https:\/\/smwroclaw.pl\/index.php?rest_route=\/wp\/v2\/types\/post"}],"author":[{"embeddable":true,"href":"https:\/\/smwroclaw.pl\/index.php?rest_route=\/wp\/v2\/users\/3"}],"replies":[{"embeddable":true,"href":"https:\/\/smwroclaw.pl\/index.php?rest_route=%2Fwp%2Fv2%2Fcomments&post=7863"}],"version-history":[{"count":11,"href":"https:\/\/smwroclaw.pl\/index.php?rest_route=\/wp\/v2\/posts\/7863\/revisions"}],"predecessor-version":[{"id":7883,"href":"https:\/\/smwroclaw.pl\/index.php?rest_route=\/wp\/v2\/posts\/7863\/revisions\/7883"}],"wp:featuredmedia":[{"embeddable":true,"href":"https:\/\/smwroclaw.pl\/index.php?rest_route=\/wp\/v2\/media\/7866"}],"wp:attachment":[{"href":"https:\/\/smwroclaw.pl\/index.php?rest_route=%2Fwp%2Fv2%2Fmedia&parent=7863"}],"wp:term":[{"taxonomy":"category","embeddable":true,"href":"https:\/\/smwroclaw.pl\/index.php?rest_route=%2Fwp%2Fv2%2Fcategories&post=7863"},{"taxonomy":"post_tag","embeddable":true,"href":"https:\/\/smwroclaw.pl\/index.php?rest_route=%2Fwp%2Fv2%2Ftags&post=7863"}],"curies":[{"name":"wp","href":"https:\/\/api.w.org\/{rel}","templated":true}]}}