{"id":7942,"date":"2019-09-02T07:53:01","date_gmt":"2019-09-02T05:53:01","guid":{"rendered":"http:\/\/smwroclaw.pl\/?p=7942"},"modified":"2019-09-02T10:40:00","modified_gmt":"2019-09-02T08:40:00","slug":"80-rocznica-wybuchu-ii-wojny-swiatowej-zdjecia","status":"publish","type":"post","link":"https:\/\/smwroclaw.pl\/?p=7942","title":{"rendered":"80. ROCZNICA WYBUCHU II WOJNY \u015aWIATOWEJ (zdj\u0119cia)"},"content":{"rendered":"<p>&nbsp;<\/p>\n<p style=\"text-align: justify;\"><strong><span style=\"font-family: georgia, palatino, serif; font-size: 12pt;\">Stra\u017c Miejska Wroc\u0142awia odda\u0142a ho\u0142d ofiarom II Wojny \u015awiatowej podczas uroczysto\u015bci na Cmentarzu \u017bo\u0142nierzy Polskich przy ulicy Grabiszy\u0144skiej.<\/span><\/strong><\/p>\n<p>&nbsp;<\/p>\n<p>&nbsp;<\/p>\n<p>&nbsp;<\/p>\n<p><img fetchpriority=\"high\" decoding=\"async\" class=\" wp-image-7943 aligncenter\" src=\"https:\/\/smwroclaw.pl\/wp-content\/uploads\/2019\/09\/received_2376772002584001-3018x4024.jpeg\" alt=\"\" width=\"379\" height=\"505\" srcset=\"https:\/\/smwroclaw.pl\/wp-content\/uploads\/2019\/09\/received_2376772002584001-3018x4024.jpeg 3018w, https:\/\/smwroclaw.pl\/wp-content\/uploads\/2019\/09\/received_2376772002584001-225x300.jpeg 225w, https:\/\/smwroclaw.pl\/wp-content\/uploads\/2019\/09\/received_2376772002584001-768x1024.jpeg 768w\" sizes=\"(max-width: 379px) 100vw, 379px\" \/><\/p>\n<p><!--more--><\/p>\n<p><img decoding=\"async\" class=\"wp-image-7945 aligncenter\" src=\"https:\/\/smwroclaw.pl\/wp-content\/uploads\/2019\/09\/received_506773443199733-3018x4024.jpeg\" alt=\"\" width=\"520\" height=\"693\" srcset=\"https:\/\/smwroclaw.pl\/wp-content\/uploads\/2019\/09\/received_506773443199733-3018x4024.jpeg 3018w, https:\/\/smwroclaw.pl\/wp-content\/uploads\/2019\/09\/received_506773443199733-225x300.jpeg 225w, https:\/\/smwroclaw.pl\/wp-content\/uploads\/2019\/09\/received_506773443199733-768x1024.jpeg 768w\" sizes=\"(max-width: 520px) 100vw, 520px\" \/><\/p>\n<p><img decoding=\"async\" class=\" wp-image-7946 aligncenter\" src=\"https:\/\/smwroclaw.pl\/wp-content\/uploads\/2019\/09\/received_552685278602061-3018x4024.jpeg\" alt=\"\" width=\"534\" height=\"712\" srcset=\"https:\/\/smwroclaw.pl\/wp-content\/uploads\/2019\/09\/received_552685278602061-3018x4024.jpeg 3018w, https:\/\/smwroclaw.pl\/wp-content\/uploads\/2019\/09\/received_552685278602061-225x300.jpeg 225w, https:\/\/smwroclaw.pl\/wp-content\/uploads\/2019\/09\/received_552685278602061-768x1024.jpeg 768w\" sizes=\"(max-width: 534px) 100vw, 534px\" \/><\/p>\n<p><img loading=\"lazy\" decoding=\"async\" class=\" wp-image-7947 aligncenter\" src=\"https:\/\/smwroclaw.pl\/wp-content\/uploads\/2019\/09\/received_495000877900156.jpeg\" alt=\"\" width=\"551\" height=\"413\" srcset=\"https:\/\/smwroclaw.pl\/wp-content\/uploads\/2019\/09\/received_495000877900156.jpeg 4032w, https:\/\/smwroclaw.pl\/wp-content\/uploads\/2019\/09\/received_495000877900156-300x225.jpeg 300w, https:\/\/smwroclaw.pl\/wp-content\/uploads\/2019\/09\/received_495000877900156-768x576.jpeg 768w\" sizes=\"(max-width: 551px) 100vw, 551px\" \/><\/p>\n<p><img loading=\"lazy\" decoding=\"async\" class=\" wp-image-7948 aligncenter\" src=\"https:\/\/smwroclaw.pl\/wp-content\/uploads\/2019\/09\/received_917101815318777.jpeg\" alt=\"\" width=\"560\" height=\"420\" srcset=\"https:\/\/smwroclaw.pl\/wp-content\/uploads\/2019\/09\/received_917101815318777.jpeg 4032w, https:\/\/smwroclaw.pl\/wp-content\/uploads\/2019\/09\/received_917101815318777-300x225.jpeg 300w, https:\/\/smwroclaw.pl\/wp-content\/uploads\/2019\/09\/received_917101815318777-768x576.jpeg 768w\" sizes=\"(max-width: 560px) 100vw, 560px\" \/><\/p>\n<p>wf<\/p>\n","protected":false},"excerpt":{"rendered":"<p>&nbsp; Stra\u017c Miejska Wroc\u0142awia odda\u0142a ho\u0142d ofiarom II Wojny \u015awiatowej podczas uroczysto\u015bci na Cmentarzu \u017bo\u0142nierzy Polskich przy ulicy Grabiszy\u0144skiej. &nbsp; &nbsp; &nbsp;<\/p>\n","protected":false},"author":4,"featured_media":7393,"comment_status":"closed","ping_status":"closed","sticky":false,"template":"","format":"standard","meta":{"footnotes":""},"categories":[16],"tags":[],"class_list":["post-7942","post","type-post","status-publish","format-standard","has-post-thumbnail","hentry","category-aktual"],"_links":{"self":[{"href":"https:\/\/smwroclaw.pl\/index.php?rest_route=\/wp\/v2\/posts\/7942","targetHints":{"allow":["GET"]}}],"collection":[{"href":"https:\/\/smwroclaw.pl\/index.php?rest_route=\/wp\/v2\/posts"}],"about":[{"href":"https:\/\/smwroclaw.pl\/index.php?rest_route=\/wp\/v2\/types\/post"}],"author":[{"embeddable":true,"href":"https:\/\/smwroclaw.pl\/index.php?rest_route=\/wp\/v2\/users\/4"}],"replies":[{"embeddable":true,"href":"https:\/\/smwroclaw.pl\/index.php?rest_route=%2Fwp%2Fv2%2Fcomments&post=7942"}],"version-history":[{"count":7,"href":"https:\/\/smwroclaw.pl\/index.php?rest_route=\/wp\/v2\/posts\/7942\/revisions"}],"predecessor-version":[{"id":7971,"href":"https:\/\/smwroclaw.pl\/index.php?rest_route=\/wp\/v2\/posts\/7942\/revisions\/7971"}],"wp:featuredmedia":[{"embeddable":true,"href":"https:\/\/smwroclaw.pl\/index.php?rest_route=\/wp\/v2\/media\/7393"}],"wp:attachment":[{"href":"https:\/\/smwroclaw.pl\/index.php?rest_route=%2Fwp%2Fv2%2Fmedia&parent=7942"}],"wp:term":[{"taxonomy":"category","embeddable":true,"href":"https:\/\/smwroclaw.pl\/index.php?rest_route=%2Fwp%2Fv2%2Fcategories&post=7942"},{"taxonomy":"post_tag","embeddable":true,"href":"https:\/\/smwroclaw.pl\/index.php?rest_route=%2Fwp%2Fv2%2Ftags&post=7942"}],"curies":[{"name":"wp","href":"https:\/\/api.w.org\/{rel}","templated":true}]}}