{"id":8024,"date":"2019-09-06T13:21:42","date_gmt":"2019-09-06T11:21:42","guid":{"rendered":"http:\/\/smwroclaw.pl\/?p=8024"},"modified":"2019-09-06T13:23:51","modified_gmt":"2019-09-06T11:23:51","slug":"dni-seniora-dzisiaj-marsz-kapeluszy","status":"publish","type":"post","link":"https:\/\/smwroclaw.pl\/?p=8024","title":{"rendered":"DNI SENIORA &#8211; DZISIAJ MARSZ KAPELUSZY"},"content":{"rendered":"<p style=\"text-align: justify;\"><span style=\"font-family: georgia, palatino, serif; font-size: 12pt;\"><strong> Dni Seniora<\/strong> rozpocz\u0119te. Tradycyjny ju\u017c, <strong>&#8221; Marsz Kapeluszy&#8221;<\/strong> przeszed\u0142 ulicami Wroc\u0142awia z placu Nowy Targ do Rynku. Na scenie <strong>Prezydent Miasta Wroc\u0142awia Jacek Sutryk<\/strong> powiedzia\u0142: <em>&#8222;Z<span class=\"css-901oao css-16my406 r-1qd0xha r-ad9z0x r-bcqeeo r-qvutc0\"> rado\u015bci\u0105 oddaj\u0119 Wam dzi\u015b klucz do miasta i dzi\u0119kuj\u0119 za wszystko, co robicie dla naszego Wroc\u0142awia. \u015awi\u0119tujcie rado\u015bnie &#8222;.<\/span><\/em><\/span><br \/>\n<span style=\"font-family: georgia, palatino, serif; font-size: 12pt;\">W\u015br\u00f3d wyr\u00f3\u017cnionych\u00a0 zaszczytnym tytu\u0142em <strong>PRZYJACIEL SENIORA<\/strong> &#8211; <strong>stra\u017cnik miejski<\/strong> (a jednocze\u015bnie przewodnik miejski) <strong>Pawe\u0142 Gr\u0105bczewski. <\/strong>Wszystkim wyr\u00f3\u017cnionym serdecznie gratulujemy !<\/span><strong><br \/>\n<\/strong><\/p>\n<p>&nbsp;<\/p>\n<p><img fetchpriority=\"high\" decoding=\"async\" class=\" wp-image-8029 aligncenter\" src=\"https:\/\/smwroclaw.pl\/wp-content\/uploads\/2019\/09\/69689932_136582714262904_898496519689207808_n.jpg\" alt=\"\" width=\"316\" height=\"422\" srcset=\"https:\/\/smwroclaw.pl\/wp-content\/uploads\/2019\/09\/69689932_136582714262904_898496519689207808_n.jpg 480w, https:\/\/smwroclaw.pl\/wp-content\/uploads\/2019\/09\/69689932_136582714262904_898496519689207808_n-225x300.jpg 225w\" sizes=\"(max-width: 316px) 100vw, 316px\" \/><\/p>\n<p><!--more--><\/p>\n<p><img decoding=\"async\" class=\" wp-image-8030 aligncenter\" src=\"https:\/\/smwroclaw.pl\/wp-content\/uploads\/2019\/09\/69889214_136582740929568_1633340281296257024_n.jpg\" alt=\"\" width=\"510\" height=\"383\" srcset=\"https:\/\/smwroclaw.pl\/wp-content\/uploads\/2019\/09\/69889214_136582740929568_1633340281296257024_n.jpg 640w, https:\/\/smwroclaw.pl\/wp-content\/uploads\/2019\/09\/69889214_136582740929568_1633340281296257024_n-300x225.jpg 300w\" sizes=\"(max-width: 510px) 100vw, 510px\" \/><\/p>\n<p><img decoding=\"async\" class=\" wp-image-8031 aligncenter\" src=\"https:\/\/smwroclaw.pl\/wp-content\/uploads\/2019\/09\/69987982_136582797596229_5988777426878988288_n.jpg\" alt=\"\" width=\"508\" height=\"381\" srcset=\"https:\/\/smwroclaw.pl\/wp-content\/uploads\/2019\/09\/69987982_136582797596229_5988777426878988288_n.jpg 452w, https:\/\/smwroclaw.pl\/wp-content\/uploads\/2019\/09\/69987982_136582797596229_5988777426878988288_n-300x225.jpg 300w\" sizes=\"(max-width: 508px) 100vw, 508px\" \/><\/p>\n<p><img loading=\"lazy\" decoding=\"async\" class=\" wp-image-8032 aligncenter\" src=\"https:\/\/smwroclaw.pl\/wp-content\/uploads\/2019\/09\/70307853_136582824262893_8380246072336842752_n.jpg\" alt=\"\" width=\"511\" height=\"383\" srcset=\"https:\/\/smwroclaw.pl\/wp-content\/uploads\/2019\/09\/70307853_136582824262893_8380246072336842752_n.jpg 452w, https:\/\/smwroclaw.pl\/wp-content\/uploads\/2019\/09\/70307853_136582824262893_8380246072336842752_n-300x225.jpg 300w\" sizes=\"(max-width: 511px) 100vw, 511px\" \/><\/p>\n<p>wf<\/p>\n","protected":false},"excerpt":{"rendered":"<p>Dni Seniora rozpocz\u0119te. Tradycyjny ju\u017c, &#8221; Marsz Kapeluszy&#8221; przeszed\u0142 ulicami Wroc\u0142awia z placu Nowy Targ do Rynku. Na scenie Prezydent Miasta Wroc\u0142awia Jacek Sutryk powiedzia\u0142: &#8222;Z rado\u015bci\u0105 oddaj\u0119 Wam dzi\u015b klucz do miasta i dzi\u0119kuj\u0119 za wszystko, co robicie dla naszego Wroc\u0142awia. \u015awi\u0119tujcie rado\u015bnie &#8222;. W\u015br\u00f3d wyr\u00f3\u017cnionych\u00a0 zaszczytnym tytu\u0142em PRZYJACIEL SENIORA &#8211; stra\u017cnik miejski (a [&hellip;]<\/p>\n","protected":false},"author":4,"featured_media":8033,"comment_status":"closed","ping_status":"closed","sticky":false,"template":"","format":"standard","meta":{"footnotes":""},"categories":[16],"tags":[],"class_list":["post-8024","post","type-post","status-publish","format-standard","has-post-thumbnail","hentry","category-aktual"],"_links":{"self":[{"href":"https:\/\/smwroclaw.pl\/index.php?rest_route=\/wp\/v2\/posts\/8024","targetHints":{"allow":["GET"]}}],"collection":[{"href":"https:\/\/smwroclaw.pl\/index.php?rest_route=\/wp\/v2\/posts"}],"about":[{"href":"https:\/\/smwroclaw.pl\/index.php?rest_route=\/wp\/v2\/types\/post"}],"author":[{"embeddable":true,"href":"https:\/\/smwroclaw.pl\/index.php?rest_route=\/wp\/v2\/users\/4"}],"replies":[{"embeddable":true,"href":"https:\/\/smwroclaw.pl\/index.php?rest_route=%2Fwp%2Fv2%2Fcomments&post=8024"}],"version-history":[{"count":4,"href":"https:\/\/smwroclaw.pl\/index.php?rest_route=\/wp\/v2\/posts\/8024\/revisions"}],"predecessor-version":[{"id":8036,"href":"https:\/\/smwroclaw.pl\/index.php?rest_route=\/wp\/v2\/posts\/8024\/revisions\/8036"}],"wp:featuredmedia":[{"embeddable":true,"href":"https:\/\/smwroclaw.pl\/index.php?rest_route=\/wp\/v2\/media\/8033"}],"wp:attachment":[{"href":"https:\/\/smwroclaw.pl\/index.php?rest_route=%2Fwp%2Fv2%2Fmedia&parent=8024"}],"wp:term":[{"taxonomy":"category","embeddable":true,"href":"https:\/\/smwroclaw.pl\/index.php?rest_route=%2Fwp%2Fv2%2Fcategories&post=8024"},{"taxonomy":"post_tag","embeddable":true,"href":"https:\/\/smwroclaw.pl\/index.php?rest_route=%2Fwp%2Fv2%2Ftags&post=8024"}],"curies":[{"name":"wp","href":"https:\/\/api.w.org\/{rel}","templated":true}]}}