{"id":8037,"date":"2019-09-06T13:30:03","date_gmt":"2019-09-06T11:30:03","guid":{"rendered":"http:\/\/smwroclaw.pl\/?p=8037"},"modified":"2019-09-06T13:38:30","modified_gmt":"2019-09-06T11:38:30","slug":"ruszyl-wroclawski-festiwal-krasnoludkow-fotorelacja","status":"publish","type":"post","link":"https:\/\/smwroclaw.pl\/?p=8037","title":{"rendered":"RUSZY\u0141 WROC\u0141AWSKI FESTIWAL KRASNOLUDK\u00d3W (fotorelacja)"},"content":{"rendered":"<p style=\"text-align: justify;\"><span style=\"font-family: georgia, palatino, serif; font-size: 12pt;\">Stra\u017cnicy miejscy uczestniczyli w barwnej paradzie ma\u0142ych krasnali, kt\u00f3ra ruszy\u0142a z Rynku do Parku Staromiejskiego &#8211; otwieraj\u0105c <strong>Festiwal Krasnolud\u00f3w<\/strong>. Czuwali\u015bmy nad bezpiecze\u0144stwem podczas przemarszu dzieci. Opiekunom grup rozdali\u015bmy materia\u0142y edukacyjne \u2013 <strong>Bezpieczna droga do szko\u0142y<\/strong> wraz z kolorowank\u0105 <strong>Krasnala Stra\u017cnika<\/strong>, a najm\u0142odsi uczestnicy otrzymali elementy odblaskowe.<\/span><\/p>\n<p>&nbsp;<\/p>\n<p>&nbsp;<\/p>\n<p><img fetchpriority=\"high\" decoding=\"async\" class=\" wp-image-8040 aligncenter\" src=\"https:\/\/smwroclaw.pl\/wp-content\/uploads\/2019\/09\/20190906_095654-Copy.jpg\" alt=\"\" width=\"471\" height=\"353\" srcset=\"https:\/\/smwroclaw.pl\/wp-content\/uploads\/2019\/09\/20190906_095654-Copy.jpg 760w, https:\/\/smwroclaw.pl\/wp-content\/uploads\/2019\/09\/20190906_095654-Copy-300x225.jpg 300w\" sizes=\"(max-width: 471px) 100vw, 471px\" \/><\/p>\n<p><!--more--><\/p>\n<p><img decoding=\"async\" class=\" wp-image-8041 aligncenter\" src=\"https:\/\/smwroclaw.pl\/wp-content\/uploads\/2019\/09\/20190906_095417-Copy.jpg\" alt=\"\" width=\"580\" height=\"435\" srcset=\"https:\/\/smwroclaw.pl\/wp-content\/uploads\/2019\/09\/20190906_095417-Copy.jpg 760w, https:\/\/smwroclaw.pl\/wp-content\/uploads\/2019\/09\/20190906_095417-Copy-300x225.jpg 300w\" sizes=\"(max-width: 580px) 100vw, 580px\" \/><\/p>\n<p><img decoding=\"async\" class=\" wp-image-8042 aligncenter\" src=\"https:\/\/smwroclaw.pl\/wp-content\/uploads\/2019\/09\/20190906_0953581-Copy.jpg\" alt=\"\" width=\"580\" height=\"435\" srcset=\"https:\/\/smwroclaw.pl\/wp-content\/uploads\/2019\/09\/20190906_0953581-Copy.jpg 760w, https:\/\/smwroclaw.pl\/wp-content\/uploads\/2019\/09\/20190906_0953581-Copy-300x225.jpg 300w\" sizes=\"(max-width: 580px) 100vw, 580px\" \/><\/p>\n<p><img loading=\"lazy\" decoding=\"async\" class=\" wp-image-8043 aligncenter\" src=\"https:\/\/smwroclaw.pl\/wp-content\/uploads\/2019\/09\/20190906_100048-Copy.jpg\" alt=\"\" width=\"580\" height=\"435\" srcset=\"https:\/\/smwroclaw.pl\/wp-content\/uploads\/2019\/09\/20190906_100048-Copy.jpg 760w, https:\/\/smwroclaw.pl\/wp-content\/uploads\/2019\/09\/20190906_100048-Copy-300x225.jpg 300w\" sizes=\"(max-width: 580px) 100vw, 580px\" \/><\/p>\n<p><img loading=\"lazy\" decoding=\"async\" class=\" wp-image-8044 aligncenter\" src=\"https:\/\/smwroclaw.pl\/wp-content\/uploads\/2019\/09\/20190906_100941-Copy.jpg\" alt=\"\" width=\"587\" height=\"440\" srcset=\"https:\/\/smwroclaw.pl\/wp-content\/uploads\/2019\/09\/20190906_100941-Copy.jpg 760w, https:\/\/smwroclaw.pl\/wp-content\/uploads\/2019\/09\/20190906_100941-Copy-300x225.jpg 300w\" sizes=\"(max-width: 587px) 100vw, 587px\" \/><\/p>\n<p><img loading=\"lazy\" decoding=\"async\" class=\" wp-image-8045 aligncenter\" src=\"https:\/\/smwroclaw.pl\/wp-content\/uploads\/2019\/09\/20190906_100504-Copy.jpg\" alt=\"\" width=\"587\" height=\"441\" srcset=\"https:\/\/smwroclaw.pl\/wp-content\/uploads\/2019\/09\/20190906_100504-Copy.jpg 760w, https:\/\/smwroclaw.pl\/wp-content\/uploads\/2019\/09\/20190906_100504-Copy-300x225.jpg 300w\" sizes=\"(max-width: 587px) 100vw, 587px\" \/><\/p>\n<p>wf<\/p>\n","protected":false},"excerpt":{"rendered":"<p>Stra\u017cnicy miejscy uczestniczyli w barwnej paradzie ma\u0142ych krasnali, kt\u00f3ra ruszy\u0142a z Rynku do Parku Staromiejskiego &#8211; otwieraj\u0105c Festiwal Krasnolud\u00f3w. Czuwali\u015bmy nad bezpiecze\u0144stwem podczas przemarszu dzieci. Opiekunom grup rozdali\u015bmy materia\u0142y edukacyjne \u2013 Bezpieczna droga do szko\u0142y wraz z kolorowank\u0105 Krasnala Stra\u017cnika, a najm\u0142odsi uczestnicy otrzymali elementy odblaskowe. &nbsp; &nbsp;<\/p>\n","protected":false},"author":4,"featured_media":8045,"comment_status":"closed","ping_status":"closed","sticky":false,"template":"","format":"standard","meta":{"footnotes":""},"categories":[16],"tags":[],"class_list":["post-8037","post","type-post","status-publish","format-standard","has-post-thumbnail","hentry","category-aktual"],"_links":{"self":[{"href":"https:\/\/smwroclaw.pl\/index.php?rest_route=\/wp\/v2\/posts\/8037","targetHints":{"allow":["GET"]}}],"collection":[{"href":"https:\/\/smwroclaw.pl\/index.php?rest_route=\/wp\/v2\/posts"}],"about":[{"href":"https:\/\/smwroclaw.pl\/index.php?rest_route=\/wp\/v2\/types\/post"}],"author":[{"embeddable":true,"href":"https:\/\/smwroclaw.pl\/index.php?rest_route=\/wp\/v2\/users\/4"}],"replies":[{"embeddable":true,"href":"https:\/\/smwroclaw.pl\/index.php?rest_route=%2Fwp%2Fv2%2Fcomments&post=8037"}],"version-history":[{"count":5,"href":"https:\/\/smwroclaw.pl\/index.php?rest_route=\/wp\/v2\/posts\/8037\/revisions"}],"predecessor-version":[{"id":8048,"href":"https:\/\/smwroclaw.pl\/index.php?rest_route=\/wp\/v2\/posts\/8037\/revisions\/8048"}],"wp:featuredmedia":[{"embeddable":true,"href":"https:\/\/smwroclaw.pl\/index.php?rest_route=\/wp\/v2\/media\/8045"}],"wp:attachment":[{"href":"https:\/\/smwroclaw.pl\/index.php?rest_route=%2Fwp%2Fv2%2Fmedia&parent=8037"}],"wp:term":[{"taxonomy":"category","embeddable":true,"href":"https:\/\/smwroclaw.pl\/index.php?rest_route=%2Fwp%2Fv2%2Fcategories&post=8037"},{"taxonomy":"post_tag","embeddable":true,"href":"https:\/\/smwroclaw.pl\/index.php?rest_route=%2Fwp%2Fv2%2Ftags&post=8037"}],"curies":[{"name":"wp","href":"https:\/\/api.w.org\/{rel}","templated":true}]}}