{"id":8207,"date":"2019-09-19T11:17:11","date_gmt":"2019-09-19T09:17:11","guid":{"rendered":"http:\/\/smwroclaw.pl\/?p=8207"},"modified":"2019-09-19T12:15:01","modified_gmt":"2019-09-19T10:15:01","slug":"straz-miejska-wroclawia-jest-z-nami-juz-28-lat-oficjalne-uroczystosci-w-ratuszu","status":"publish","type":"post","link":"https:\/\/smwroclaw.pl\/?p=8207","title":{"rendered":"STRA\u017b MIEJSKA WROC\u0141AWIA JEST Z NAMI JU\u017b 28 LAT &#8211; oficjalne uroczysto\u015bci w Ratuszu"},"content":{"rendered":"<p style=\"text-align: justify;\"><span style=\"font-family: georgia, palatino, serif; font-size: 12pt;\">W zwi\u0105zku ze zbli\u017caj\u0105c\u0105 si\u0119<strong> 28 rocznic\u0105 powo\u0142ania Stra\u017cy Miejskiej Wroc\u0142awia<\/strong> we wroc\u0142awskim Ratuszu odby\u0142y si\u0119 uroczysto\u015bci z udzia\u0142em <strong>Wojewody Dolno\u015bl\u0105skiego, Prezydenta Miasta Wroc\u0142awia, Komendanta Stra\u017cy Miejskiej Wroc\u0142awia<\/strong> oraz zaproszonych go\u015bci. Nowi stra\u017cnicy miejscy z\u0142ozyli \u015blubowanie na sztandar, wyr\u00f3\u017cniaj\u0105cym si\u0119 funkcjonariuszom zosta\u0142y wr\u0119czone odznaczenia pa\u0144stwowe, medale pami\u0105tkowe za 25 lat s\u0142u\u017cby oraz nadane awanse na wy\u017csze stopnie s\u0142u\u017cbowe. W dalszej cz\u0119\u015bci kr\u00f3tki rys historyczny stra\u017cy miejskiej oraz lista wyr\u00f3\u017cnionych stra\u017cnik\u00f3w i pracownik\u00f3w cywilnych.<\/span><\/p>\n<p><!--more--><\/p>\n<ul>\n<li style=\"text-align: justify;\"><span style=\"font-family: georgia, palatino, serif; font-size: 12pt;\">Historia Stra\u017cy Miejskiej Wroc\u0142awia rozpocz\u0119\u0142a si\u0119 w <strong>styczniu 1991<\/strong> roku utworzeniem <b>Miejskiej S\u0142u\u017cby Interwencyjnej<\/b>, jako jednego z wydzia\u0142\u00f3w Urz\u0119du Miejskiego.<\/span><\/li>\n<li style=\"text-align: justify;\"><span style=\"font-family: georgia, palatino, serif; font-size: 12pt;\">Przeszkolone przez Policj\u0119 osoby rozpocz\u0119\u0142y egzekwowanie przepis\u00f3w porz\u0105dkowych, kontrol\u0119 s\u0142u\u017cb odpowiedzialnych za czysto\u015b\u0107 ulic oraz likwidacj\u0119 nielegalnego handlu.<\/span><\/li>\n<li style=\"text-align: justify;\"><span style=\"font-family: georgia, palatino, serif; font-size: 12pt;\">Stra\u017c Miejska Wroc\u0142awia\u00a0 zosta\u0142a powo\u0142ana <strong>25 wrze\u015bnia 1991 r<\/strong>. przez Prezydenta Miasta Wroc\u0142awia.<\/span><\/li>\n<li style=\"text-align: justify;\"><span style=\"font-family: georgia, palatino, serif; font-size: 12pt;\">W momencie powo\u0142ania Stra\u017c Miejska Wroc\u0142awia mia\u0142a <strong>23 etaty mundurowe<\/strong>.<\/span><\/li>\n<\/ul>\n<p><img fetchpriority=\"high\" decoding=\"async\" class=\" wp-image-8210 aligncenter\" src=\"https:\/\/smwroclaw.pl\/wp-content\/uploads\/2019\/09\/smw-1.png\" alt=\"\" width=\"292\" height=\"451\" \/><\/p>\n<p>&nbsp;<\/p>\n<p style=\"text-align: center;\"><span style=\"font-family: georgia, palatino, serif; font-size: 12pt;\"><strong>UROCZYSTO\u015aCI W RATUSZU 19 WRZE\u015aNIA 2019 r.<\/strong><\/span><\/p>\n<p style=\"text-align: justify;\"><span style=\"font-family: georgia, palatino, serif; font-size: 12pt;\">Wyr\u00f3\u017cnieni funkcjonariusze (aplikanci) z\u0142o\u017cyli \u015blubowanie na sztandar Stra\u017cy Miejskiej Wroc\u0142awia:<\/span><\/p>\n<p style=\"text-align: justify;\"><span style=\"font-family: georgia, palatino, serif; font-size: 12pt;\"><b>\u201e\u015alubuj\u0119 uroczy\u015bcie s\u0142u\u017cy\u0107 Pa\u0144stwu i wsp\u00f3lnocie lokalnej, chroni\u0107 porz\u0105dek publiczny i bezpiecze\u0144stwo ludzi, przestrzega\u0107 porz\u0105dku prawnego i dyscypliny s\u0142u\u017cbowej, <\/b><b>dba\u0107 <\/b><b>o etyk\u0119 i dobre imi\u0119 s\u0142u\u017cby<\/b><b>\u201d.<\/b><\/span><\/p>\n<p style=\"text-align: center;\"><span style=\"font-family: georgia, palatino, serif; font-size: 12pt;\">PREZYDENT RZECZYPOSPOLITEJ POLSKIEJ ANDRZEJ DUDA UHONOROWA\u0141 <strong>ODZNACZENIAMI PA\u0143STWOWYMI &#8211; MEDALAMI ZA D\u0141UGOLETNI\u0104 S\u0141U\u017bB\u0118<\/strong> FUNKCJONARIUSZY ORAZ PRACOWNIK\u00d3W STRA\u017bY MIEJSKIEJ WROC\u0141AWIA.<\/span><\/p>\n<p>&nbsp;<\/p>\n<p><span style=\"font-family: georgia, palatino, serif; font-size: 12pt;\"><strong>MEDALEM Z\u0141OTYM ZA D\u0141UGOLETNI\u0104 S\u0141U\u017bB\u0118<\/strong><\/span><\/p>\n<ol>\n<li><span style=\"font-family: georgia, palatino, serif; font-size: 12pt;\">Ref. <strong>Ireneusz Szuba<\/strong><\/span><\/li>\n<li><span style=\"font-family: georgia, palatino, serif; font-size: 12pt;\">g\u0142. Specjalista <strong>Marzena Bartnik <\/strong><\/span><\/li>\n<\/ol>\n<ol start=\"3\">\n<li><span style=\"font-family: georgia, palatino, serif; font-size: 12pt;\">kierownik <strong>S\u0142awomir Che\u0142chowski<\/strong><\/span><\/li>\n<li><span style=\"font-family: georgia, palatino, serif; font-size: 12pt;\">Insp. <strong>Andrzej Klein <\/strong><\/span><\/li>\n<\/ol>\n<ol start=\"5\">\n<li><span style=\"font-family: georgia, palatino, serif; font-size: 12pt;\">insp.<strong>Krzysztof St\u0119pie\u0144<\/strong><\/span><\/li>\n<\/ol>\n<p><span style=\"font-family: georgia, palatino, serif; font-size: 12pt;\"><strong>MEDALEM SREBRNYM ZA D\u0141UGOLETNI\u0104 S\u0141U\u017bB\u0118:<\/strong><\/span><\/p>\n<ol>\n<li><span style=\"font-family: georgia, palatino, serif; font-size: 12pt;\">Ref. <strong>Katarzyna Kaczor<\/strong><\/span><\/li>\n<li><span style=\"font-family: georgia, palatino, serif; font-size: 12pt;\">kierownik zespo\u0142u <strong>Jaros\u0142aw Dudziak<\/strong><\/span><\/li>\n<li><span style=\"font-family: georgia, palatino, serif; font-size: 12pt;\">insp. <strong>Jaros\u0142aw Dropi\u0144ski<\/strong><\/span><\/li>\n<li><span style=\"font-family: georgia, palatino, serif; font-size: 12pt;\">inspektor\u00a0 <strong>Dopiera\u0142a Beata<\/strong><\/span><\/li>\n<\/ol>\n<p style=\"text-align: center;\"><span style=\"font-family: georgia, palatino, serif; font-size: 12pt;\"><strong>Komendant Stra\u017cy Miejskiej Wroc\u0142awia uhonorowa\u0142 funkcjonariuszy Stra\u017cy Miejskiej Wroc\u0142awia wyr\u00f3\u017cnieniem oraz pami\u0105tkowym medalem okoliczno\u015bciowym za 25 lat s\u0142u\u017cby w szeregach Stra\u017cy Miejskiej Wroc\u0142awia<\/strong><\/span><\/p>\n<ol>\n<li><span style=\"font-family: georgia, palatino, serif; font-size: 12pt;\">Kierownik <strong>S\u0142awomir Che\u0142chowski<\/strong><\/span><\/li>\n<li><span style=\"font-family: georgia, palatino, serif; font-size: 12pt;\">Kierownik referatu<strong> Ireneusz Szuba<\/strong><\/span><\/li>\n<li><span style=\"font-family: georgia, palatino, serif; font-size: 12pt;\">Zast\u0119pca Kierownika<strong> referatu Arkadiusz Galbierczyk<\/strong><\/span><\/li>\n<li><span style=\"font-family: georgia, palatino, serif; font-size: 12pt;\">Starszy Inspektor<strong> Krzysztof Jakubczyk<\/strong><\/span><\/li>\n<\/ol>\n<p>&nbsp;<\/p>\n<p style=\"text-align: center;\"><span style=\"font-family: georgia, palatino, serif; font-size: 12pt;\"><strong>Na podstawie artyku\u0142u 29 Ustawy o Stra\u017cach Gminnych, decyzj\u0105 Komendanta Stra\u017cy Miejskiej Wroc\u0142awia zostali awansowani na wy\u017cszy stopie\u0144 s\u0142u\u017cbowy:<\/strong><\/span><\/p>\n<p><span style=\"font-family: georgia, palatino, serif; font-size: 12pt;\"><strong>NA WY\u017bSZE STANOWISKO STRA\u017bNICZE STARSZEGO INSPEKTORA:<\/strong><\/span><\/p>\n<ol>\n<li><span style=\"font-family: georgia, palatino, serif; font-size: 12pt;\">Inspektor<strong> Damian Szewczyk<\/strong><\/span><\/li>\n<li><span style=\"font-family: georgia, palatino, serif; font-size: 12pt;\">Inspektor <strong>Jacek G\u00f3ral<\/strong><\/span><\/li>\n<li><span style=\"font-family: georgia, palatino, serif; font-size: 12pt;\">Inspektor<strong> Krzysztof Jakubczyk<\/strong><\/span><\/li>\n<li><span style=\"font-family: georgia, palatino, serif; font-size: 12pt;\">Inspektor<strong> Barbara Jaworek<\/strong><\/span><\/li>\n<\/ol>\n<p><span style=\"font-family: georgia, palatino, serif; font-size: 12pt;\"><strong>NA WY\u017bSZE STANOWISKO STRA\u017bNICZE INSPEKTORA:<\/strong><\/span><\/p>\n<ol>\n<li><span style=\"font-family: georgia, palatino, serif; font-size: 12pt;\">Starszy specjalista <strong>Jerzy Kossobudzki<\/strong><\/span><\/li>\n<\/ol>\n<p><span style=\"font-family: georgia, palatino, serif; font-size: 12pt;\"><strong>NA WY\u017bSZE STANOWISKO STRA\u017bNICZE\u00a0 M\u0141ODSZEGO INSPEKTORA:<\/strong><\/span><\/p>\n<ol>\n<li><span style=\"font-family: georgia, palatino, serif; font-size: 12pt;\">Starszy specjalista<strong> Sebastian Sychla<\/strong><\/span><\/li>\n<li><span style=\"font-family: georgia, palatino, serif; font-size: 12pt;\">Starszy specjalista<strong> Zbigniew Dopiera\u0142a<\/strong><\/span><\/li>\n<li><span style=\"font-family: georgia, palatino, serif; font-size: 12pt;\">Specjalista<strong> Dariusz R\u00f3\u017cycki<\/strong><\/span><\/li>\n<\/ol>\n<p><span style=\"font-family: georgia, palatino, serif; font-size: 12pt;\"><strong>NA WY\u017bSZE STANOWISKO STRA\u017bNICZE SPECJALISTY<\/strong><\/span><\/p>\n<ol>\n<li><span style=\"font-family: georgia, palatino, serif; font-size: 12pt;\">M\u0142odszy specjalista <strong>Ewelina Bekieszczuk<\/strong><\/span><\/li>\n<li><span style=\"font-family: georgia, palatino, serif; font-size: 12pt;\">M\u0142odszy specjalista<strong> Maciej Gr\u00f3decki<\/strong><\/span><\/li>\n<li><span style=\"font-family: georgia, palatino, serif; font-size: 12pt;\">M\u0142odszy specjalista <strong>Dorota \u017bukowska<\/strong><\/span><\/li>\n<\/ol>\n<p><span style=\"font-family: georgia, palatino, serif; font-size: 12pt;\"><strong>NA WY\u017bSZE STANOWISKO STRA\u017bNICZE M\u0141ODSZEGO SPECJALISTY<\/strong><\/span><\/p>\n<ol>\n<li><span style=\"font-family: georgia, palatino, serif; font-size: 12pt;\">Starszy stra\u017cnik<strong> Renata W\u0142odarczyk<\/strong><\/span><\/li>\n<li><span style=\"font-family: georgia, palatino, serif; font-size: 12pt;\">Starszy stra\u017cnik<strong> Dariusz Kruszewski<\/strong><\/span><\/li>\n<li><span style=\"font-family: georgia, palatino, serif; font-size: 12pt;\">Stra\u017cnik<strong> Angelika Wiwatowska<\/strong><\/span><\/li>\n<\/ol>\n<p><span style=\"font-family: georgia, palatino, serif; font-size: 12pt;\"><strong>NA WY\u017bSZE STANOWISKO STRA\u017bNICZE STRA\u017bNIKA:<\/strong><\/span><\/p>\n<ol>\n<li><span style=\"font-family: georgia, palatino, serif; font-size: 12pt;\">M\u0142odszy stra\u017cnik<strong> Monika Fr\u0105ckiewicz<\/strong><\/span><\/li>\n<li><span style=\"font-family: georgia, palatino, serif; font-size: 12pt;\">M\u0142odszy stra\u017cnik <strong>Ewelina Rawecka<\/strong><\/span><\/li>\n<\/ol>\n<p><span style=\"font-family: georgia, palatino, serif; font-size: 12pt;\"><strong>NA WY\u017bSZE STANOWISKO STRA\u017bNICZE M\u0141ODSZEGO STRA\u017bNIKA:<\/strong><\/span><\/p>\n<ol>\n<li><span style=\"font-family: georgia, palatino, serif; font-size: 12pt;\">Aplikant <strong>Kamil Isalski<\/strong><\/span><\/li>\n<li><span style=\"font-family: georgia, palatino, serif; font-size: 12pt;\">Aplikant <strong>Alicja Marchlewska<\/strong><\/span><\/li>\n<li><span style=\"font-family: georgia, palatino, serif; font-size: 12pt;\">Aplikant <strong>Adrian Swoboda<\/strong><\/span><\/li>\n<\/ol>\n<p><span style=\"font-family: georgia, palatino, serif; font-size: 12pt;\"><strong>Na podstawie paragrafu 14 Regulaminu wynagradzania Stra\u017cy Miejskiej Wroc\u0142awia, decyzj\u0105 Komendanta Stra\u017cy Miejskiej na wy\u017cszy stopie\u0144 samodzielnego referenta zostali awansowani pracownicy cywilni:<\/strong><\/span><\/p>\n<ol>\n<li><span style=\"font-family: georgia, palatino, serif; font-size: 12pt;\">Starszy referent<strong> Marta Hernik<\/strong><\/span><\/li>\n<li><span style=\"font-family: georgia, palatino, serif; font-size: 12pt;\">Starszy referent <strong>Aleksandra Jarosik<\/strong><\/span><\/li>\n<li><span style=\"font-family: georgia, palatino, serif; font-size: 12pt;\">Starszy referent <strong>Dorota Szachniewicz<\/strong><\/span><\/li>\n<\/ol>\n<p>wf<\/p>\n","protected":false},"excerpt":{"rendered":"<p>W zwi\u0105zku ze zbli\u017caj\u0105c\u0105 si\u0119 28 rocznic\u0105 powo\u0142ania Stra\u017cy Miejskiej Wroc\u0142awia we wroc\u0142awskim Ratuszu odby\u0142y si\u0119 uroczysto\u015bci z udzia\u0142em Wojewody Dolno\u015bl\u0105skiego, Prezydenta Miasta Wroc\u0142awia, Komendanta Stra\u017cy Miejskiej Wroc\u0142awia oraz zaproszonych go\u015bci. Nowi stra\u017cnicy miejscy z\u0142ozyli \u015blubowanie na sztandar, wyr\u00f3\u017cniaj\u0105cym si\u0119 funkcjonariuszom zosta\u0142y wr\u0119czone odznaczenia pa\u0144stwowe, medale pami\u0105tkowe za 25 lat s\u0142u\u017cby oraz nadane awanse na [&hellip;]<\/p>\n","protected":false},"author":4,"featured_media":8218,"comment_status":"closed","ping_status":"closed","sticky":false,"template":"","format":"standard","meta":{"footnotes":""},"categories":[16],"tags":[],"class_list":["post-8207","post","type-post","status-publish","format-standard","has-post-thumbnail","hentry","category-aktual"],"_links":{"self":[{"href":"https:\/\/smwroclaw.pl\/index.php?rest_route=\/wp\/v2\/posts\/8207","targetHints":{"allow":["GET"]}}],"collection":[{"href":"https:\/\/smwroclaw.pl\/index.php?rest_route=\/wp\/v2\/posts"}],"about":[{"href":"https:\/\/smwroclaw.pl\/index.php?rest_route=\/wp\/v2\/types\/post"}],"author":[{"embeddable":true,"href":"https:\/\/smwroclaw.pl\/index.php?rest_route=\/wp\/v2\/users\/4"}],"replies":[{"embeddable":true,"href":"https:\/\/smwroclaw.pl\/index.php?rest_route=%2Fwp%2Fv2%2Fcomments&post=8207"}],"version-history":[{"count":12,"href":"https:\/\/smwroclaw.pl\/index.php?rest_route=\/wp\/v2\/posts\/8207\/revisions"}],"predecessor-version":[{"id":8235,"href":"https:\/\/smwroclaw.pl\/index.php?rest_route=\/wp\/v2\/posts\/8207\/revisions\/8235"}],"wp:featuredmedia":[{"embeddable":true,"href":"https:\/\/smwroclaw.pl\/index.php?rest_route=\/wp\/v2\/media\/8218"}],"wp:attachment":[{"href":"https:\/\/smwroclaw.pl\/index.php?rest_route=%2Fwp%2Fv2%2Fmedia&parent=8207"}],"wp:term":[{"taxonomy":"category","embeddable":true,"href":"https:\/\/smwroclaw.pl\/index.php?rest_route=%2Fwp%2Fv2%2Fcategories&post=8207"},{"taxonomy":"post_tag","embeddable":true,"href":"https:\/\/smwroclaw.pl\/index.php?rest_route=%2Fwp%2Fv2%2Ftags&post=8207"}],"curies":[{"name":"wp","href":"https:\/\/api.w.org\/{rel}","templated":true}]}}