{"id":8221,"date":"2019-09-19T11:28:35","date_gmt":"2019-09-19T09:28:35","guid":{"rendered":"http:\/\/smwroclaw.pl\/?p=8221"},"modified":"2019-09-19T11:34:13","modified_gmt":"2019-09-19T09:34:13","slug":"28-rocznica-powolania-strazy-miejskiej-wroclawia-uroczystosci-w-ratuszu-fotorelacja","status":"publish","type":"post","link":"https:\/\/smwroclaw.pl\/?p=8221","title":{"rendered":"28 ROCZNICA POWO\u0141ANIA STRA\u017bY MIEJSKIEJ WROC\u0141AWIA &#8211; uroczysto\u015bci w Ratuszu (fotorelacja)"},"content":{"rendered":"<p style=\"text-align: justify;\"><span style=\"font-family: georgia, palatino, serif; font-size: 12pt;\">W zwi\u0105zku ze zbli\u017caj\u0105c\u0105 si\u0119<strong> 28 rocznic\u0105 powo\u0142ania Stra\u017cy Miejskiej Wroc\u0142awia<\/strong> we wroc\u0142awskim Ratuszu rozpocz\u0119\u0142y si\u0119 uroczysto\u015bci z udzia\u0142em <strong>Wojewody Dolno\u015bl\u0105skiego, Prezydenta Miasta Wroc\u0142awia, Komendanta Stra\u017cy Miejskiej Wroc\u0142awia<\/strong> oraz zaproszonych go\u015bci <strong>(w dalszej cz\u0119\u015bci fotorelacja)<\/strong><br \/>\n<\/span><\/p>\n<p>&nbsp;<\/p>\n<p>&nbsp;<\/p>\n<p><img fetchpriority=\"high\" decoding=\"async\" class=\"size-full wp-image-8227 aligncenter\" src=\"https:\/\/smwroclaw.pl\/wp-content\/uploads\/2019\/09\/2.png\" alt=\"\" width=\"452\" height=\"438\" srcset=\"https:\/\/smwroclaw.pl\/wp-content\/uploads\/2019\/09\/2.png 452w, https:\/\/smwroclaw.pl\/wp-content\/uploads\/2019\/09\/2-300x291.png 300w\" sizes=\"(max-width: 452px) 100vw, 452px\" \/><\/p>\n<p><!--more--><\/p>\n<p><img decoding=\"async\" class=\" wp-image-8229 aligncenter\" src=\"https:\/\/smwroclaw.pl\/wp-content\/uploads\/2019\/09\/1.png\" alt=\"\" width=\"467\" height=\"572\" srcset=\"https:\/\/smwroclaw.pl\/wp-content\/uploads\/2019\/09\/1.png 451w, https:\/\/smwroclaw.pl\/wp-content\/uploads\/2019\/09\/1-245x300.png 245w\" sizes=\"(max-width: 467px) 100vw, 467px\" \/><\/p>\n<p>\u00a0<img decoding=\"async\" class=\" wp-image-8226 aligncenter\" src=\"https:\/\/smwroclaw.pl\/wp-content\/uploads\/2019\/09\/IMG_0976.jpg\" alt=\"\" width=\"489\" height=\"367\" srcset=\"https:\/\/smwroclaw.pl\/wp-content\/uploads\/2019\/09\/IMG_0976.jpg 640w, https:\/\/smwroclaw.pl\/wp-content\/uploads\/2019\/09\/IMG_0976-300x225.jpg 300w\" sizes=\"(max-width: 489px) 100vw, 489px\" \/><\/p>\n","protected":false},"excerpt":{"rendered":"<p>W zwi\u0105zku ze zbli\u017caj\u0105c\u0105 si\u0119 28 rocznic\u0105 powo\u0142ania Stra\u017cy Miejskiej Wroc\u0142awia we wroc\u0142awskim Ratuszu rozpocz\u0119\u0142y si\u0119 uroczysto\u015bci z udzia\u0142em Wojewody Dolno\u015bl\u0105skiego, Prezydenta Miasta Wroc\u0142awia, Komendanta Stra\u017cy Miejskiej Wroc\u0142awia oraz zaproszonych go\u015bci (w dalszej cz\u0119\u015bci fotorelacja) &nbsp; &nbsp;<\/p>\n","protected":false},"author":4,"featured_media":8230,"comment_status":"closed","ping_status":"closed","sticky":false,"template":"","format":"standard","meta":{"footnotes":""},"categories":[16],"tags":[],"class_list":["post-8221","post","type-post","status-publish","format-standard","has-post-thumbnail","hentry","category-aktual"],"_links":{"self":[{"href":"https:\/\/smwroclaw.pl\/index.php?rest_route=\/wp\/v2\/posts\/8221","targetHints":{"allow":["GET"]}}],"collection":[{"href":"https:\/\/smwroclaw.pl\/index.php?rest_route=\/wp\/v2\/posts"}],"about":[{"href":"https:\/\/smwroclaw.pl\/index.php?rest_route=\/wp\/v2\/types\/post"}],"author":[{"embeddable":true,"href":"https:\/\/smwroclaw.pl\/index.php?rest_route=\/wp\/v2\/users\/4"}],"replies":[{"embeddable":true,"href":"https:\/\/smwroclaw.pl\/index.php?rest_route=%2Fwp%2Fv2%2Fcomments&post=8221"}],"version-history":[{"count":6,"href":"https:\/\/smwroclaw.pl\/index.php?rest_route=\/wp\/v2\/posts\/8221\/revisions"}],"predecessor-version":[{"id":8233,"href":"https:\/\/smwroclaw.pl\/index.php?rest_route=\/wp\/v2\/posts\/8221\/revisions\/8233"}],"wp:featuredmedia":[{"embeddable":true,"href":"https:\/\/smwroclaw.pl\/index.php?rest_route=\/wp\/v2\/media\/8230"}],"wp:attachment":[{"href":"https:\/\/smwroclaw.pl\/index.php?rest_route=%2Fwp%2Fv2%2Fmedia&parent=8221"}],"wp:term":[{"taxonomy":"category","embeddable":true,"href":"https:\/\/smwroclaw.pl\/index.php?rest_route=%2Fwp%2Fv2%2Fcategories&post=8221"},{"taxonomy":"post_tag","embeddable":true,"href":"https:\/\/smwroclaw.pl\/index.php?rest_route=%2Fwp%2Fv2%2Ftags&post=8221"}],"curies":[{"name":"wp","href":"https:\/\/api.w.org\/{rel}","templated":true}]}}