{"id":8237,"date":"2019-09-19T11:08:04","date_gmt":"2019-09-19T09:08:04","guid":{"rendered":"http:\/\/smwroclaw.pl\/?p=8237"},"modified":"2019-09-19T14:14:32","modified_gmt":"2019-09-19T12:14:32","slug":"dziekujemy","status":"publish","type":"post","link":"https:\/\/smwroclaw.pl\/?p=8237","title":{"rendered":"DZI\u0118KUJEMY!"},"content":{"rendered":"<p style=\"text-align: justify;\"><span style=\"font-family: georgia, palatino, serif; font-size: 12pt;\">XXVIII rocznica powo\u0142ania Stra\u017cy Miejskiej Wroc\u0142awia to szczeg\u00f3lna okazja do \u015bwi\u0119towania dla stra\u017cnik\u00f3w miejskich. Jak co roku nasz\u0105 uroczysto\u015b\u0107 u\u015bwietnili znakomici go\u015bcie tacy jak Pan Pawe\u0142 Hreniak Wojewoda Dolno\u015bl\u0105ski, Pan Jacek Sutryk Prezydent Wroc\u0142awia oraz przedstawiciele s\u0142u\u017cb mundurowych Wojska Polskiego, Stra\u017cy Granicznej, \u017bandarmerii Wojskowej, Inspekcji Transportu Drogowego, s\u0142u\u017cby po\u017cytku publicznego w tym Pogotowia i WOPR. <!--more-->Wszystkim bardzo dzi\u0119kujemy za wspania\u0142e \u017cyczenia, oby wszystkie si\u0119 spe\u0142ni\u0142y.<\/span><\/p>\n<p style=\"text-align: justify;\"><span style=\"font-family: georgia, palatino, serif; font-size: 12pt;\">Dzi\u0119kujemy r\u00f3wnie\u017c rodzinom naszych nowych funkcjonariuszy za wsparcie i obecno\u015b\u0107.<\/span><\/p>\n<p>&nbsp;<\/p>\n<p><span style=\"font-family: georgia, palatino, serif; font-size: 14pt;\"><img fetchpriority=\"high\" decoding=\"async\" class=\"aligncenter wp-image-8238\" src=\"https:\/\/smwroclaw.pl\/wp-content\/uploads\/2019\/09\/skanowanie-212x300.jpg\" alt=\"\" width=\"477\" height=\"675\" srcset=\"https:\/\/smwroclaw.pl\/wp-content\/uploads\/2019\/09\/skanowanie-212x300.jpg 212w, https:\/\/smwroclaw.pl\/wp-content\/uploads\/2019\/09\/skanowanie-768x1086.jpg 768w\" sizes=\"(max-width: 477px) 100vw, 477px\" \/> <img decoding=\"async\" class=\"aligncenter wp-image-8242\" src=\"https:\/\/smwroclaw.pl\/wp-content\/uploads\/2019\/09\/skanowanie0004-212x300.jpg\" alt=\"\" width=\"477\" height=\"675\" srcset=\"https:\/\/smwroclaw.pl\/wp-content\/uploads\/2019\/09\/skanowanie0004-212x300.jpg 212w, https:\/\/smwroclaw.pl\/wp-content\/uploads\/2019\/09\/skanowanie0004-768x1086.jpg 768w\" sizes=\"(max-width: 477px) 100vw, 477px\" \/> <img decoding=\"async\" class=\"aligncenter wp-image-8239\" src=\"https:\/\/smwroclaw.pl\/wp-content\/uploads\/2019\/09\/skanowanie0001-212x300.jpg\" alt=\"\" width=\"477\" height=\"675\" srcset=\"https:\/\/smwroclaw.pl\/wp-content\/uploads\/2019\/09\/skanowanie0001-212x300.jpg 212w, https:\/\/smwroclaw.pl\/wp-content\/uploads\/2019\/09\/skanowanie0001-768x1086.jpg 768w\" sizes=\"(max-width: 477px) 100vw, 477px\" \/> <img loading=\"lazy\" decoding=\"async\" class=\"aligncenter wp-image-8240\" src=\"https:\/\/smwroclaw.pl\/wp-content\/uploads\/2019\/09\/skanowanie0002-212x300.jpg\" alt=\"\" width=\"477\" height=\"675\" srcset=\"https:\/\/smwroclaw.pl\/wp-content\/uploads\/2019\/09\/skanowanie0002-212x300.jpg 212w, https:\/\/smwroclaw.pl\/wp-content\/uploads\/2019\/09\/skanowanie0002-768x1086.jpg 768w\" sizes=\"(max-width: 477px) 100vw, 477px\" \/> <img loading=\"lazy\" decoding=\"async\" class=\"aligncenter wp-image-8241\" src=\"https:\/\/smwroclaw.pl\/wp-content\/uploads\/2019\/09\/skanowanie0003-212x300.jpg\" alt=\"\" width=\"477\" height=\"675\" srcset=\"https:\/\/smwroclaw.pl\/wp-content\/uploads\/2019\/09\/skanowanie0003-212x300.jpg 212w, https:\/\/smwroclaw.pl\/wp-content\/uploads\/2019\/09\/skanowanie0003-768x1086.jpg 768w\" sizes=\"(max-width: 477px) 100vw, 477px\" \/><\/span><\/p>\n","protected":false},"excerpt":{"rendered":"<p>XXVIII rocznica powo\u0142ania Stra\u017cy Miejskiej Wroc\u0142awia to szczeg\u00f3lna okazja do \u015bwi\u0119towania dla stra\u017cnik\u00f3w miejskich. Jak co roku nasz\u0105 uroczysto\u015b\u0107 u\u015bwietnili znakomici go\u015bcie tacy jak Pan Pawe\u0142 Hreniak Wojewoda Dolno\u015bl\u0105ski, Pan Jacek Sutryk Prezydent Wroc\u0142awia oraz przedstawiciele s\u0142u\u017cb mundurowych Wojska Polskiego, Stra\u017cy Granicznej, \u017bandarmerii Wojskowej, Inspekcji Transportu Drogowego, s\u0142u\u017cby po\u017cytku publicznego w tym Pogotowia i WOPR.<\/p>\n","protected":false},"author":3,"featured_media":8229,"comment_status":"closed","ping_status":"closed","sticky":false,"template":"","format":"standard","meta":{"footnotes":""},"categories":[16],"tags":[],"class_list":["post-8237","post","type-post","status-publish","format-standard","has-post-thumbnail","hentry","category-aktual"],"_links":{"self":[{"href":"https:\/\/smwroclaw.pl\/index.php?rest_route=\/wp\/v2\/posts\/8237","targetHints":{"allow":["GET"]}}],"collection":[{"href":"https:\/\/smwroclaw.pl\/index.php?rest_route=\/wp\/v2\/posts"}],"about":[{"href":"https:\/\/smwroclaw.pl\/index.php?rest_route=\/wp\/v2\/types\/post"}],"author":[{"embeddable":true,"href":"https:\/\/smwroclaw.pl\/index.php?rest_route=\/wp\/v2\/users\/3"}],"replies":[{"embeddable":true,"href":"https:\/\/smwroclaw.pl\/index.php?rest_route=%2Fwp%2Fv2%2Fcomments&post=8237"}],"version-history":[{"count":8,"href":"https:\/\/smwroclaw.pl\/index.php?rest_route=\/wp\/v2\/posts\/8237\/revisions"}],"predecessor-version":[{"id":8250,"href":"https:\/\/smwroclaw.pl\/index.php?rest_route=\/wp\/v2\/posts\/8237\/revisions\/8250"}],"wp:featuredmedia":[{"embeddable":true,"href":"https:\/\/smwroclaw.pl\/index.php?rest_route=\/wp\/v2\/media\/8229"}],"wp:attachment":[{"href":"https:\/\/smwroclaw.pl\/index.php?rest_route=%2Fwp%2Fv2%2Fmedia&parent=8237"}],"wp:term":[{"taxonomy":"category","embeddable":true,"href":"https:\/\/smwroclaw.pl\/index.php?rest_route=%2Fwp%2Fv2%2Fcategories&post=8237"},{"taxonomy":"post_tag","embeddable":true,"href":"https:\/\/smwroclaw.pl\/index.php?rest_route=%2Fwp%2Fv2%2Ftags&post=8237"}],"curies":[{"name":"wp","href":"https:\/\/api.w.org\/{rel}","templated":true}]}}