{"id":8251,"date":"2019-09-23T07:26:12","date_gmt":"2019-09-23T05:26:12","guid":{"rendered":"http:\/\/smwroclaw.pl\/?p=8251"},"modified":"2019-09-23T09:09:22","modified_gmt":"2019-09-23T07:09:22","slug":"festyn-osiedlowy-na-gajowicach-zdjecia","status":"publish","type":"post","link":"https:\/\/smwroclaw.pl\/?p=8251","title":{"rendered":"FESTYN OSIEDLOWY NA GAJOWICACH (zdj\u0119cia)"},"content":{"rendered":"<p style=\"text-align: justify;\"><span style=\"font-family: georgia, palatino, serif; font-size: 12pt;\">W niedziel\u0119 stra\u017cnicy miejscy uczestniczyli w Festynie Osiedlowym na wroc\u0142awskich Gajowicach, by\u0142a to kolejna mo\u017cliwo\u015b\u0107 aby przy okazji radosnej zabawy, wys\u0142ucha\u0107 z jakimi problemami na osiedlu borykaj\u0105 si\u0119 mieszka\u0144cy.<\/span><\/p>\n<p>&nbsp;<\/p>\n<p>&nbsp;<\/p>\n<p>&nbsp;<\/p>\n<p><img fetchpriority=\"high\" decoding=\"async\" class=\" wp-image-8252 aligncenter\" src=\"https:\/\/smwroclaw.pl\/wp-content\/uploads\/2019\/09\/image000000-1.jpg\" alt=\"\" width=\"327\" height=\"436\" srcset=\"https:\/\/smwroclaw.pl\/wp-content\/uploads\/2019\/09\/image000000-1.jpg 480w, https:\/\/smwroclaw.pl\/wp-content\/uploads\/2019\/09\/image000000-1-225x300.jpg 225w\" sizes=\"(max-width: 327px) 100vw, 327px\" \/><\/p>\n<p><!--more--><\/p>\n<p><img decoding=\"async\" class=\" wp-image-8253 aligncenter\" src=\"https:\/\/smwroclaw.pl\/wp-content\/uploads\/2019\/09\/image000000_02-1.jpg\" alt=\"\" width=\"555\" height=\"416\" srcset=\"https:\/\/smwroclaw.pl\/wp-content\/uploads\/2019\/09\/image000000_02-1.jpg 640w, https:\/\/smwroclaw.pl\/wp-content\/uploads\/2019\/09\/image000000_02-1-300x225.jpg 300w\" sizes=\"(max-width: 555px) 100vw, 555px\" \/><\/p>\n<p><img decoding=\"async\" class=\"size-full wp-image-8254 aligncenter\" src=\"https:\/\/smwroclaw.pl\/wp-content\/uploads\/2019\/09\/IMG_20190922_125606.jpg\" alt=\"\" width=\"480\" height=\"640\" srcset=\"https:\/\/smwroclaw.pl\/wp-content\/uploads\/2019\/09\/IMG_20190922_125606.jpg 480w, https:\/\/smwroclaw.pl\/wp-content\/uploads\/2019\/09\/IMG_20190922_125606-225x300.jpg 225w\" sizes=\"(max-width: 480px) 100vw, 480px\" \/><\/p>\n<p><img loading=\"lazy\" decoding=\"async\" class=\"size-full wp-image-8255 aligncenter\" src=\"https:\/\/smwroclaw.pl\/wp-content\/uploads\/2019\/09\/image000000_01.jpg\" alt=\"\" width=\"480\" height=\"640\" srcset=\"https:\/\/smwroclaw.pl\/wp-content\/uploads\/2019\/09\/image000000_01.jpg 480w, https:\/\/smwroclaw.pl\/wp-content\/uploads\/2019\/09\/image000000_01-225x300.jpg 225w\" sizes=\"(max-width: 480px) 100vw, 480px\" \/><\/p>\n<p>wf<\/p>\n","protected":false},"excerpt":{"rendered":"<p>W niedziel\u0119 stra\u017cnicy miejscy uczestniczyli w Festynie Osiedlowym na wroc\u0142awskich Gajowicach, by\u0142a to kolejna mo\u017cliwo\u015b\u0107 aby przy okazji radosnej zabawy, wys\u0142ucha\u0107 z jakimi problemami na osiedlu borykaj\u0105 si\u0119 mieszka\u0144cy. &nbsp; &nbsp; &nbsp;<\/p>\n","protected":false},"author":4,"featured_media":8253,"comment_status":"closed","ping_status":"closed","sticky":false,"template":"","format":"standard","meta":{"footnotes":""},"categories":[16],"tags":[],"class_list":["post-8251","post","type-post","status-publish","format-standard","has-post-thumbnail","hentry","category-aktual"],"_links":{"self":[{"href":"https:\/\/smwroclaw.pl\/index.php?rest_route=\/wp\/v2\/posts\/8251","targetHints":{"allow":["GET"]}}],"collection":[{"href":"https:\/\/smwroclaw.pl\/index.php?rest_route=\/wp\/v2\/posts"}],"about":[{"href":"https:\/\/smwroclaw.pl\/index.php?rest_route=\/wp\/v2\/types\/post"}],"author":[{"embeddable":true,"href":"https:\/\/smwroclaw.pl\/index.php?rest_route=\/wp\/v2\/users\/4"}],"replies":[{"embeddable":true,"href":"https:\/\/smwroclaw.pl\/index.php?rest_route=%2Fwp%2Fv2%2Fcomments&post=8251"}],"version-history":[{"count":6,"href":"https:\/\/smwroclaw.pl\/index.php?rest_route=\/wp\/v2\/posts\/8251\/revisions"}],"predecessor-version":[{"id":8261,"href":"https:\/\/smwroclaw.pl\/index.php?rest_route=\/wp\/v2\/posts\/8251\/revisions\/8261"}],"wp:featuredmedia":[{"embeddable":true,"href":"https:\/\/smwroclaw.pl\/index.php?rest_route=\/wp\/v2\/media\/8253"}],"wp:attachment":[{"href":"https:\/\/smwroclaw.pl\/index.php?rest_route=%2Fwp%2Fv2%2Fmedia&parent=8251"}],"wp:term":[{"taxonomy":"category","embeddable":true,"href":"https:\/\/smwroclaw.pl\/index.php?rest_route=%2Fwp%2Fv2%2Fcategories&post=8251"},{"taxonomy":"post_tag","embeddable":true,"href":"https:\/\/smwroclaw.pl\/index.php?rest_route=%2Fwp%2Fv2%2Ftags&post=8251"}],"curies":[{"name":"wp","href":"https:\/\/api.w.org\/{rel}","templated":true}]}}