{"id":8645,"date":"2019-10-11T13:28:34","date_gmt":"2019-10-11T11:28:34","guid":{"rendered":"http:\/\/smwroclaw.pl\/?p=8645"},"modified":"2019-10-11T13:47:36","modified_gmt":"2019-10-11T11:47:36","slug":"nowy-krasnal-w-miescie-juz-niedlugo-oglosimy-konkurs-na-jego-imie","status":"publish","type":"post","link":"https:\/\/smwroclaw.pl\/?p=8645","title":{"rendered":"NOWY KRASNAL W MIE\u015aCIE &#8211; ju\u017c nied\u0142ugo og\u0142osimy konkurs na jego imi\u0119 !!!"},"content":{"rendered":"<p style=\"text-align: justify;\"><span style=\"font-family: georgia, palatino, serif; font-size: 12pt;\">Wraz z wizyt\u0105 <strong>Prezydenta Wroc\u0142awia<\/strong> <strong>Jacka Sutryka<\/strong> w <strong>nowej siedzibie Stra\u017cy Miejskiej Wroc\u0142awia przy<\/strong> <strong>ul. Na Grobli 14\/16<\/strong>,\u00a0 przyby\u0142 do nas <strong>Krasnal Stra\u017cnik<\/strong>. Nowy krasnal b\u0119dzie sprawowa\u0142 piecze nad miastem i jego mieszka\u0144cami. Krasnal zostanie pe\u0142noprawnym Stra\u017cnikiem jak tylko zda egzamin oraz <strong>otrzyma imi\u0119 nadane mu w drodze konkursu<\/strong>, kt\u00f3ry zostanie niebawem og\u0142oszony dla naszych mieszka\u0144c\u00f3w. (zdj\u0119cia)<br \/>\n<\/span><\/p>\n<p>&nbsp;<\/p>\n<p>&nbsp;<\/p>\n<p>&nbsp;<\/p>\n<p><!--more--><\/p>\n<p><img fetchpriority=\"high\" decoding=\"async\" class=\"alignnone  wp-image-8648 aligncenter\" src=\"https:\/\/smwroclaw.pl\/wp-content\/uploads\/2019\/10\/IMG_20191001_134437-169x300.jpg\" alt=\"\" width=\"191\" height=\"339\" srcset=\"https:\/\/smwroclaw.pl\/wp-content\/uploads\/2019\/10\/IMG_20191001_134437-169x300.jpg 169w, https:\/\/smwroclaw.pl\/wp-content\/uploads\/2019\/10\/IMG_20191001_134437-768x1365.jpg 768w\" sizes=\"(max-width: 191px) 100vw, 191px\" \/><\/p>\n<p><img decoding=\"async\" class=\"alignnone  wp-image-8649 aligncenter\" src=\"https:\/\/smwroclaw.pl\/wp-content\/uploads\/2019\/10\/IMG_20191001_135024-169x300.jpg\" alt=\"\" width=\"192\" height=\"341\" srcset=\"https:\/\/smwroclaw.pl\/wp-content\/uploads\/2019\/10\/IMG_20191001_135024-169x300.jpg 169w, https:\/\/smwroclaw.pl\/wp-content\/uploads\/2019\/10\/IMG_20191001_135024-768x1365.jpg 768w\" sizes=\"(max-width: 192px) 100vw, 192px\" \/><\/p>\n<p>MP<\/p>\n<p>&nbsp;<\/p>\n","protected":false},"excerpt":{"rendered":"<p>Wraz z wizyt\u0105 Prezydenta Wroc\u0142awia Jacka Sutryka w nowej siedzibie Stra\u017cy Miejskiej Wroc\u0142awia przy ul. Na Grobli 14\/16,\u00a0 przyby\u0142 do nas Krasnal Stra\u017cnik. Nowy krasnal b\u0119dzie sprawowa\u0142 piecze nad miastem i jego mieszka\u0144cami. Krasnal zostanie pe\u0142noprawnym Stra\u017cnikiem jak tylko zda egzamin oraz otrzyma imi\u0119 nadane mu w drodze konkursu, kt\u00f3ry zostanie niebawem og\u0142oszony dla naszych [&hellip;]<\/p>\n","protected":false},"author":11,"featured_media":8659,"comment_status":"closed","ping_status":"closed","sticky":false,"template":"","format":"standard","meta":{"footnotes":""},"categories":[16],"tags":[],"class_list":["post-8645","post","type-post","status-publish","format-standard","has-post-thumbnail","hentry","category-aktual"],"_links":{"self":[{"href":"https:\/\/smwroclaw.pl\/index.php?rest_route=\/wp\/v2\/posts\/8645","targetHints":{"allow":["GET"]}}],"collection":[{"href":"https:\/\/smwroclaw.pl\/index.php?rest_route=\/wp\/v2\/posts"}],"about":[{"href":"https:\/\/smwroclaw.pl\/index.php?rest_route=\/wp\/v2\/types\/post"}],"author":[{"embeddable":true,"href":"https:\/\/smwroclaw.pl\/index.php?rest_route=\/wp\/v2\/users\/11"}],"replies":[{"embeddable":true,"href":"https:\/\/smwroclaw.pl\/index.php?rest_route=%2Fwp%2Fv2%2Fcomments&post=8645"}],"version-history":[{"count":9,"href":"https:\/\/smwroclaw.pl\/index.php?rest_route=\/wp\/v2\/posts\/8645\/revisions"}],"predecessor-version":[{"id":8660,"href":"https:\/\/smwroclaw.pl\/index.php?rest_route=\/wp\/v2\/posts\/8645\/revisions\/8660"}],"wp:featuredmedia":[{"embeddable":true,"href":"https:\/\/smwroclaw.pl\/index.php?rest_route=\/wp\/v2\/media\/8659"}],"wp:attachment":[{"href":"https:\/\/smwroclaw.pl\/index.php?rest_route=%2Fwp%2Fv2%2Fmedia&parent=8645"}],"wp:term":[{"taxonomy":"category","embeddable":true,"href":"https:\/\/smwroclaw.pl\/index.php?rest_route=%2Fwp%2Fv2%2Fcategories&post=8645"},{"taxonomy":"post_tag","embeddable":true,"href":"https:\/\/smwroclaw.pl\/index.php?rest_route=%2Fwp%2Fv2%2Ftags&post=8645"}],"curies":[{"name":"wp","href":"https:\/\/api.w.org\/{rel}","templated":true}]}}