{"id":8776,"date":"2019-10-23T15:04:27","date_gmt":"2019-10-23T13:04:27","guid":{"rendered":"http:\/\/smwroclaw.pl\/?p=8776"},"modified":"2019-10-23T15:05:21","modified_gmt":"2019-10-23T13:05:21","slug":"wielokultury-wroclaw-mowe-nienawisci-dobrym-slowem-przezwyciezaj-czytaj-dalej","status":"publish","type":"post","link":"https:\/\/smwroclaw.pl\/?p=8776","title":{"rendered":"WIELOKULTURY WROC\u0141AW &#8211; mow\u0119 nienawi\u015bci dobrym s\u0142owem przezwyci\u0119\u017caj (czytaj dalej)"},"content":{"rendered":"<p style=\"text-align: justify;\"><span style=\"font-family: georgia, palatino, serif; font-size: 12pt;\"><strong>WROC\u0141AWSKIE CENTRUM ROZWOJU SPO\u0141ECZNEGO<\/strong> w ramach projektu <strong>WIELOKULTURY WROC\u0141AW<\/strong> przygotowa\u0142o spotkanie z\u00a0 dyrektorami i przedstawicielami r\u00f3\u017cnych instytucji miejskich, aby wsp\u00f3lnie zastanowi\u0107 si\u0119 nad kampani\u0105, kt\u00f3ra by\u0142aby ju\u017c nie tylko \u201eprzeciw\u201d mowie nienawi\u015bci, <span class=\"text_exposed_show\">lecz <strong>\u201eza\u201d dobrym s\u0142owem<\/strong>. Rozmawiali\u015bmy o wst\u0119pnej koncepcji szerokich i sp\u00f3jnych dzia\u0142a\u0144 z udzia\u0142em wielu wroc\u0142awskich organizacji i instytucji. Zale\u017cy nam na jak najwi\u0119kszej sieci wsp\u00f3\u0142pracy, kt\u00f3ra skutecznie i na trwa\u0142e zmieni przestrze\u0144 Wroc\u0142awia.W spotkaniu uczestniczyli aktywnie tak\u017ce przedstawiciele <strong>Stra\u017cy Miejskiej Wroc\u0142awia<\/strong><\/span>.<\/span><\/p>\n<p>&nbsp;<\/p>\n<p><img fetchpriority=\"high\" decoding=\"async\" class=\"wp-image-8780 aligncenter\" src=\"https:\/\/smwroclaw.pl\/wp-content\/uploads\/2019\/10\/75496096_545880686200181_4939274061835403264_n.jpg\" alt=\"\" width=\"362\" height=\"272\" srcset=\"https:\/\/smwroclaw.pl\/wp-content\/uploads\/2019\/10\/75496096_545880686200181_4939274061835403264_n.jpg 960w, https:\/\/smwroclaw.pl\/wp-content\/uploads\/2019\/10\/75496096_545880686200181_4939274061835403264_n-300x225.jpg 300w, https:\/\/smwroclaw.pl\/wp-content\/uploads\/2019\/10\/75496096_545880686200181_4939274061835403264_n-768x576.jpg 768w\" sizes=\"(max-width: 362px) 100vw, 362px\" \/><\/p>\n<p><!--more--><\/p>\n<p><strong>czytaj wi\u0119cej :<a href=\"https:\/\/www.facebook.com\/WielokulturyWroclaw\/?__tn__=kCH-R&amp;eid=ARC6XbumDzFuv1t8sUKhphk7cHlJLsjb2vFbkOdyoYTRY8oZ-4CI7UK17bhbeO3n19b3YTz3Ft52MCqR&amp;hc_ref=ARQyTAcPhr2f8BKltOryiVai6LaiwfdG5Xs-G990muSDQ8tM2jHpM49lXRJzODnDWVQ&amp;__xts__[0]=68.ARBrB6Pzwfu88n24Po3-SUDj8Gry2Po8NPpzm2iJhMuLMROfa_GQKjcBt315GxLHNeAcxhLQIyvJqJcpi_YgcxP-7WnKrzhumLP9oXwHHXywtwBRjh3hPz22ND964ShpIgqOjZuaq5kVZGSyvYy4dNrUOf8w6uS8iMLNDQrxSImvmABQJCNpYfX8u3QoXRXfTlrpjK_FsQdzAq-Xy_dOuwl5TRi0Vo-xYAwmUC4hAYilfTdJ6xeMFb1rAZ9sxvvUHBg1wCYU4VMYIl6KmfMlzNV3oHp9_MQNtCaz280kP_-1SEkPXZce7xkxaAxdREF8CO8bjtTH5mCmjjfRf3FKuePIaafgqRmisKpq9ecUa-EvUKMCaHQ7zvngBKCFNT1nEVWmz9ux5C4m2tU31Volv7IP53Kq25N38SIbILjjqlbAlg\"> https:\/\/www.facebook.com\/WielokulturyWroclaw\/?__tn__=kCH-R&amp;eid=ARC6XbumDzFuv1t8sUKhphk7cHlJLsjb2vFbkOdyoYTRY8oZ-4CI7UK17bhbeO3n19b3YTz3Ft52MCqR&amp;hc_ref=ARQyTAcPhr2f8BKltOryiVai6LaiwfdG5Xs-G990muSDQ8tM2jHpM49lXRJzODnDWVQ&amp;__xts__[0]=68.ARBrB6Pzwfu88n24Po3-SUDj8Gry2Po8NPpzm2iJhMuLMROfa_GQKjcBt315GxLHNeAcxhLQIyvJqJcpi_YgcxP-7WnKrzhumLP9oXwHHXywtwBRjh3hPz22ND964ShpIgqOjZuaq5kVZGSyvYy4dNrUOf8w6uS8iMLNDQrxSImvmABQJCNpYfX8u3QoXRXfTlrpjK_FsQdzAq-Xy_dOuwl5TRi0Vo-xYAwmUC4hAYilfTdJ6xeMFb1rAZ9sxvvUHBg1wCYU4VMYIl6KmfMlzNV3oHp9_MQNtCaz280kP_-1SEkPXZce7xkxaAxdREF8CO8bjtTH5mCmjjfRf3FKuePIaafgqRmisKpq9ecUa-EvUKMCaHQ7zvngBKCFNT1nEVWmz9ux5C4m2tU31Volv7IP53Kq25N38SIbILjjqlbAlg<\/a><\/strong><\/p>\n<p>wf<\/p>\n","protected":false},"excerpt":{"rendered":"<p>WROC\u0141AWSKIE CENTRUM ROZWOJU SPO\u0141ECZNEGO w ramach projektu WIELOKULTURY WROC\u0141AW przygotowa\u0142o spotkanie z\u00a0 dyrektorami i przedstawicielami r\u00f3\u017cnych instytucji miejskich, aby wsp\u00f3lnie zastanowi\u0107 si\u0119 nad kampani\u0105, kt\u00f3ra by\u0142aby ju\u017c nie tylko \u201eprzeciw\u201d mowie nienawi\u015bci, lecz \u201eza\u201d dobrym s\u0142owem. Rozmawiali\u015bmy o wst\u0119pnej koncepcji szerokich i sp\u00f3jnych dzia\u0142a\u0144 z udzia\u0142em wielu wroc\u0142awskich organizacji i instytucji. Zale\u017cy nam na jak [&hellip;]<\/p>\n","protected":false},"author":4,"featured_media":8779,"comment_status":"closed","ping_status":"closed","sticky":false,"template":"","format":"standard","meta":{"footnotes":""},"categories":[16],"tags":[],"class_list":["post-8776","post","type-post","status-publish","format-standard","has-post-thumbnail","hentry","category-aktual"],"_links":{"self":[{"href":"https:\/\/smwroclaw.pl\/index.php?rest_route=\/wp\/v2\/posts\/8776","targetHints":{"allow":["GET"]}}],"collection":[{"href":"https:\/\/smwroclaw.pl\/index.php?rest_route=\/wp\/v2\/posts"}],"about":[{"href":"https:\/\/smwroclaw.pl\/index.php?rest_route=\/wp\/v2\/types\/post"}],"author":[{"embeddable":true,"href":"https:\/\/smwroclaw.pl\/index.php?rest_route=\/wp\/v2\/users\/4"}],"replies":[{"embeddable":true,"href":"https:\/\/smwroclaw.pl\/index.php?rest_route=%2Fwp%2Fv2%2Fcomments&post=8776"}],"version-history":[{"count":5,"href":"https:\/\/smwroclaw.pl\/index.php?rest_route=\/wp\/v2\/posts\/8776\/revisions"}],"predecessor-version":[{"id":8784,"href":"https:\/\/smwroclaw.pl\/index.php?rest_route=\/wp\/v2\/posts\/8776\/revisions\/8784"}],"wp:featuredmedia":[{"embeddable":true,"href":"https:\/\/smwroclaw.pl\/index.php?rest_route=\/wp\/v2\/media\/8779"}],"wp:attachment":[{"href":"https:\/\/smwroclaw.pl\/index.php?rest_route=%2Fwp%2Fv2%2Fmedia&parent=8776"}],"wp:term":[{"taxonomy":"category","embeddable":true,"href":"https:\/\/smwroclaw.pl\/index.php?rest_route=%2Fwp%2Fv2%2Fcategories&post=8776"},{"taxonomy":"post_tag","embeddable":true,"href":"https:\/\/smwroclaw.pl\/index.php?rest_route=%2Fwp%2Fv2%2Ftags&post=8776"}],"curies":[{"name":"wp","href":"https:\/\/api.w.org\/{rel}","templated":true}]}}