{"id":8849,"date":"2019-10-30T10:51:12","date_gmt":"2019-10-30T09:51:12","guid":{"rendered":"http:\/\/smwroclaw.pl\/?p=8849"},"modified":"2019-10-30T10:51:12","modified_gmt":"2019-10-30T09:51:12","slug":"bezpieczenstwo-przedszkolakow-i-uczniow","status":"publish","type":"post","link":"https:\/\/smwroclaw.pl\/?p=8849","title":{"rendered":"BEZPIECZE\u0143STWO PRZEDSZKOLAK\u00d3W I UCZNI\u00d3W"},"content":{"rendered":"<p><span style=\"font-family: georgia, palatino, serif; font-size: 12pt;\"><strong>Stra\u017c Miejska Wroc\u0142awia<\/strong> od wielu lat wspiera wroc\u0142awskie plac\u00f3wki o\u015bwiatowe w prowadzeniu dzia\u0142a\u0144 profilaktycznych zmierzaj\u0105cych do poprawy bezpiecze\u0144stwa dzieci i m\u0142odzie\u017cy. W miesi\u0105cu wrze\u015bniu i pa\u017adzierniku br<strong>.<\/strong> w <strong>Przedszkolu nr 28, Szkole Podstawowej nr. 47 <\/strong>oraz<strong> Terapeutycznym Punkcie Przedszkolnym &#8222;Subrideo&#8221; stra\u017cnik osiedla Borek Zbigniew Wester<\/strong> przypomnia\u0142 przedszkolakom i uczniom <strong>numery alarmowe, przeprowadzi\u0142 zaj\u0119cia przedstawiaj\u0105ce <\/strong><strong>bezpieczne zachowanie podczas przechodzenia przez jezdni\u0119<\/strong>. Nasz <strong>stra\u017cnik<\/strong> przeprowadzi\u0142 r\u00f3wnie\u017c i wzi\u0105\u0142 udzia\u0142 w zaj\u0119ciach <strong>W-F<\/strong> promuj\u0105cych zdrowy tryb \u017cycia poprzez sport i \u0107wiczenia. (zdj\u0119cia)<\/span><\/p>\n<p><!--more--><\/p>\n<p><img fetchpriority=\"high\" decoding=\"async\" class=\"alignnone size-medium wp-image-8851\" src=\"https:\/\/smwroclaw.pl\/wp-content\/uploads\/2019\/10\/DSCN2543-300x225.jpg\" alt=\"\" width=\"300\" height=\"225\" srcset=\"https:\/\/smwroclaw.pl\/wp-content\/uploads\/2019\/10\/DSCN2543-300x225.jpg 300w, https:\/\/smwroclaw.pl\/wp-content\/uploads\/2019\/10\/DSCN2543-768x576.jpg 768w, https:\/\/smwroclaw.pl\/wp-content\/uploads\/2019\/10\/DSCN2543.jpg 1600w\" sizes=\"(max-width: 300px) 100vw, 300px\" \/> <img decoding=\"async\" class=\"alignnone size-medium wp-image-8852\" src=\"https:\/\/smwroclaw.pl\/wp-content\/uploads\/2019\/10\/DSCN2553-300x225.jpg\" alt=\"\" width=\"300\" height=\"225\" srcset=\"https:\/\/smwroclaw.pl\/wp-content\/uploads\/2019\/10\/DSCN2553-300x225.jpg 300w, https:\/\/smwroclaw.pl\/wp-content\/uploads\/2019\/10\/DSCN2553-768x576.jpg 768w, https:\/\/smwroclaw.pl\/wp-content\/uploads\/2019\/10\/DSCN2553.jpg 1600w\" sizes=\"(max-width: 300px) 100vw, 300px\" \/> <img decoding=\"async\" class=\"alignnone size-medium wp-image-8853\" src=\"https:\/\/smwroclaw.pl\/wp-content\/uploads\/2019\/10\/DSCN2358-300x225.jpg\" alt=\"\" width=\"300\" height=\"225\" srcset=\"https:\/\/smwroclaw.pl\/wp-content\/uploads\/2019\/10\/DSCN2358-300x225.jpg 300w, https:\/\/smwroclaw.pl\/wp-content\/uploads\/2019\/10\/DSCN2358-768x576.jpg 768w, https:\/\/smwroclaw.pl\/wp-content\/uploads\/2019\/10\/DSCN2358.jpg 1600w\" sizes=\"(max-width: 300px) 100vw, 300px\" \/> <img loading=\"lazy\" decoding=\"async\" class=\"alignnone size-medium wp-image-8854\" src=\"https:\/\/smwroclaw.pl\/wp-content\/uploads\/2019\/10\/DSCN2393-300x225.jpg\" alt=\"\" width=\"300\" height=\"225\" srcset=\"https:\/\/smwroclaw.pl\/wp-content\/uploads\/2019\/10\/DSCN2393-300x225.jpg 300w, https:\/\/smwroclaw.pl\/wp-content\/uploads\/2019\/10\/DSCN2393-768x576.jpg 768w, https:\/\/smwroclaw.pl\/wp-content\/uploads\/2019\/10\/DSCN2393.jpg 1600w\" sizes=\"(max-width: 300px) 100vw, 300px\" \/> <img loading=\"lazy\" decoding=\"async\" class=\"alignnone size-medium wp-image-8855\" src=\"https:\/\/smwroclaw.pl\/wp-content\/uploads\/2019\/10\/DSCN2455-300x225.jpg\" alt=\"\" width=\"300\" height=\"225\" srcset=\"https:\/\/smwroclaw.pl\/wp-content\/uploads\/2019\/10\/DSCN2455-300x225.jpg 300w, https:\/\/smwroclaw.pl\/wp-content\/uploads\/2019\/10\/DSCN2455-768x576.jpg 768w, https:\/\/smwroclaw.pl\/wp-content\/uploads\/2019\/10\/DSCN2455.jpg 1600w\" sizes=\"(max-width: 300px) 100vw, 300px\" \/>\u00a0 <img loading=\"lazy\" decoding=\"async\" class=\"alignnone size-medium wp-image-8857\" src=\"https:\/\/smwroclaw.pl\/wp-content\/uploads\/2019\/10\/DSCN2594-300x225.jpg\" alt=\"\" width=\"300\" height=\"225\" srcset=\"https:\/\/smwroclaw.pl\/wp-content\/uploads\/2019\/10\/DSCN2594-300x225.jpg 300w, https:\/\/smwroclaw.pl\/wp-content\/uploads\/2019\/10\/DSCN2594-768x576.jpg 768w, https:\/\/smwroclaw.pl\/wp-content\/uploads\/2019\/10\/DSCN2594.jpg 1600w\" sizes=\"(max-width: 300px) 100vw, 300px\" \/> <img loading=\"lazy\" decoding=\"async\" class=\"alignnone size-medium wp-image-8858\" src=\"https:\/\/smwroclaw.pl\/wp-content\/uploads\/2019\/10\/DSCN2597-300x225.jpg\" alt=\"\" width=\"300\" height=\"225\" srcset=\"https:\/\/smwroclaw.pl\/wp-content\/uploads\/2019\/10\/DSCN2597-300x225.jpg 300w, https:\/\/smwroclaw.pl\/wp-content\/uploads\/2019\/10\/DSCN2597-768x576.jpg 768w, https:\/\/smwroclaw.pl\/wp-content\/uploads\/2019\/10\/DSCN2597.jpg 1600w\" sizes=\"(max-width: 300px) 100vw, 300px\" \/> <img loading=\"lazy\" decoding=\"async\" class=\"alignnone size-medium wp-image-8859\" src=\"https:\/\/smwroclaw.pl\/wp-content\/uploads\/2019\/10\/DSCN2605-300x225.jpg\" alt=\"\" width=\"300\" height=\"225\" srcset=\"https:\/\/smwroclaw.pl\/wp-content\/uploads\/2019\/10\/DSCN2605-300x225.jpg 300w, https:\/\/smwroclaw.pl\/wp-content\/uploads\/2019\/10\/DSCN2605-768x576.jpg 768w, https:\/\/smwroclaw.pl\/wp-content\/uploads\/2019\/10\/DSCN2605.jpg 1600w\" sizes=\"(max-width: 300px) 100vw, 300px\" \/> <img loading=\"lazy\" decoding=\"async\" class=\"alignnone size-medium wp-image-8860\" src=\"https:\/\/smwroclaw.pl\/wp-content\/uploads\/2019\/10\/DSCN2598-300x225.jpg\" alt=\"\" width=\"300\" height=\"225\" srcset=\"https:\/\/smwroclaw.pl\/wp-content\/uploads\/2019\/10\/DSCN2598-300x225.jpg 300w, https:\/\/smwroclaw.pl\/wp-content\/uploads\/2019\/10\/DSCN2598-768x576.jpg 768w, https:\/\/smwroclaw.pl\/wp-content\/uploads\/2019\/10\/DSCN2598.jpg 1600w\" sizes=\"(max-width: 300px) 100vw, 300px\" \/><\/p>\n<p>&nbsp;<\/p>\n<p>MP<\/p>\n","protected":false},"excerpt":{"rendered":"<p>Stra\u017c Miejska Wroc\u0142awia od wielu lat wspiera wroc\u0142awskie plac\u00f3wki o\u015bwiatowe w prowadzeniu dzia\u0142a\u0144 profilaktycznych zmierzaj\u0105cych do poprawy bezpiecze\u0144stwa dzieci i m\u0142odzie\u017cy. W miesi\u0105cu wrze\u015bniu i pa\u017adzierniku br. w Przedszkolu nr 28, Szkole Podstawowej nr. 47 oraz Terapeutycznym Punkcie Przedszkolnym &#8222;Subrideo&#8221; stra\u017cnik osiedla Borek Zbigniew Wester przypomnia\u0142 przedszkolakom i uczniom numery alarmowe, przeprowadzi\u0142 zaj\u0119cia przedstawiaj\u0105ce bezpieczne [&hellip;]<\/p>\n","protected":false},"author":11,"featured_media":8850,"comment_status":"closed","ping_status":"closed","sticky":false,"template":"","format":"standard","meta":{"footnotes":""},"categories":[16],"tags":[],"class_list":["post-8849","post","type-post","status-publish","format-standard","has-post-thumbnail","hentry","category-aktual"],"_links":{"self":[{"href":"https:\/\/smwroclaw.pl\/index.php?rest_route=\/wp\/v2\/posts\/8849","targetHints":{"allow":["GET"]}}],"collection":[{"href":"https:\/\/smwroclaw.pl\/index.php?rest_route=\/wp\/v2\/posts"}],"about":[{"href":"https:\/\/smwroclaw.pl\/index.php?rest_route=\/wp\/v2\/types\/post"}],"author":[{"embeddable":true,"href":"https:\/\/smwroclaw.pl\/index.php?rest_route=\/wp\/v2\/users\/11"}],"replies":[{"embeddable":true,"href":"https:\/\/smwroclaw.pl\/index.php?rest_route=%2Fwp%2Fv2%2Fcomments&post=8849"}],"version-history":[{"count":2,"href":"https:\/\/smwroclaw.pl\/index.php?rest_route=\/wp\/v2\/posts\/8849\/revisions"}],"predecessor-version":[{"id":8862,"href":"https:\/\/smwroclaw.pl\/index.php?rest_route=\/wp\/v2\/posts\/8849\/revisions\/8862"}],"wp:featuredmedia":[{"embeddable":true,"href":"https:\/\/smwroclaw.pl\/index.php?rest_route=\/wp\/v2\/media\/8850"}],"wp:attachment":[{"href":"https:\/\/smwroclaw.pl\/index.php?rest_route=%2Fwp%2Fv2%2Fmedia&parent=8849"}],"wp:term":[{"taxonomy":"category","embeddable":true,"href":"https:\/\/smwroclaw.pl\/index.php?rest_route=%2Fwp%2Fv2%2Fcategories&post=8849"},{"taxonomy":"post_tag","embeddable":true,"href":"https:\/\/smwroclaw.pl\/index.php?rest_route=%2Fwp%2Fv2%2Ftags&post=8849"}],"curies":[{"name":"wp","href":"https:\/\/api.w.org\/{rel}","templated":true}]}}