{"id":8907,"date":"2019-11-07T10:09:33","date_gmt":"2019-11-07T09:09:33","guid":{"rendered":"http:\/\/smwroclaw.pl\/?p=8907"},"modified":"2019-11-07T10:44:36","modified_gmt":"2019-11-07T09:44:36","slug":"uwaga-kierowcy-wroclawski-bieg-niepodleglosci-zmiany-w-organizacji-ruchu-czytaj-dalej","status":"publish","type":"post","link":"https:\/\/smwroclaw.pl\/?p=8907","title":{"rendered":"UWAGA KIEROWCY: WROC\u0141AWSKI BIEG NIEPODLEG\u0141O\u015aCI &#8211; zmiany w organizacji ruchu (czytaj dalej)"},"content":{"rendered":"<p style=\"text-align: justify;\"><span style=\"font-family: georgia, palatino, serif; font-size: 12pt;\"><strong>11 listopada 2019 r.\u00a0 o godzinie 17.00<\/strong> spod\u00a0 Ratusza wystartuje Wroc\u0142awski Bieg Niepodleg\u0142o\u015bci &#8211; biegacze pobiegn\u0105 m.in. ul. Grodzk\u0105, \u015bw. Jadwigi, Sienkiewicza, kard. Wyszy\u0144skiego, \u015bw. Katarzyny, Podwalem, Dworcow\u0105, Marsza\u0142ka Pi\u0142sudskiego i Rusk\u0105. Meta biegu b\u0119dzie znajdowa\u0107 si\u0119 na Rynku. Na pokonanie ca\u0142ej, 10-kilometrowej trasy, biegacze maj\u0105 ok. 2 godzin. <\/span><\/p>\n<p style=\"text-align: justify;\"><span style=\"font-family: georgia, palatino, serif; font-size: 12pt;\">Stra\u017c Miejska Wroc\u0142awia z uwagi na konieczno\u015b\u0107 zapewnienia bezpiecze\u0144stwa uczestnikom biegu zwraca si\u0119 z pro\u015bb\u0105 do kierowc\u00f3w o <strong>szczeg\u00f3ln\u0105 ostro\u017cno\u015b\u0107<\/strong> w tym dniu, a tak\u017ce <strong>rygorystyczne przestrzeganie obowi\u0105zuj\u0105cego na trasie biegu oznakowania drogowego<\/strong>. <\/span><\/p>\n<p style=\"text-align: justify;\"><span style=\"font-family: georgia, palatino, serif; font-size: 12pt;\">Prosz\u0119 zwr\u00f3ci\u0107 uwag\u0119, \u017ce zosta\u0142y <strong>umieszczone dodatkowe znaki drogowe &#8211; parkowanie w tych miejscach zagro\u017cone jest mandatem a tak\u017ce odholowaniem pojazdu.<\/strong><br \/>\n<\/span><\/p>\n<p><!--more--><\/p>\n<p><span style=\"font-family: georgia, palatino, serif; font-size: 12pt;\">WYKAZ ULIC NA KT\u00d3RYCH UMIESZCZONO ZNAKI\u00a0\u00a0 <strong>B &#8211; 36 z\u00a0 T-24<\/strong> (zakaz zatrzymywania si\u0119 z informacj\u0105 \u017ce pojazd zostanie usuni\u0119ty na lawecie)<\/span><\/p>\n<p><img fetchpriority=\"high\" decoding=\"async\" class=\"size-full wp-image-8911 aligncenter\" src=\"https:\/\/smwroclaw.pl\/wp-content\/uploads\/2019\/11\/BIEG-NIEPODLEG\u0141O\u015aCI.jpg\" alt=\"\" width=\"653\" height=\"460\" srcset=\"https:\/\/smwroclaw.pl\/wp-content\/uploads\/2019\/11\/BIEG-NIEPODLEG\u0141O\u015aCI.jpg 653w, https:\/\/smwroclaw.pl\/wp-content\/uploads\/2019\/11\/BIEG-NIEPODLEG\u0141O\u015aCI-300x211.jpg 300w\" sizes=\"(max-width: 653px) 100vw, 653px\" \/><\/p>\n<p><strong><span style=\"font-family: georgia, palatino, serif; font-size: 12pt;\">Wi\u0119cej informacji na stronie organizatora biegu:<\/span><\/strong> <span style=\"font-size: 12pt; font-family: georgia, palatino, serif;\"><a href=\"https:\/\/www.wroclawmaraton.pl\/i-wroc%C5%82awski-bieg-niepodleg%C5%82o%C5%9Bci\/zakazy-zatrzymywania-si%C4%99.html\">https:\/\/www.wroclawmaraton.pl\/i-wroc%C5%82awski-bieg-niepodleg%C5%82o%C5%9Bci\/zakazy-zatrzymywania-si%C4%99.html<\/a><\/span><\/p>\n<p>wf<\/p>\n<p>&nbsp;<\/p>\n","protected":false},"excerpt":{"rendered":"<p>11 listopada 2019 r.\u00a0 o godzinie 17.00 spod\u00a0 Ratusza wystartuje Wroc\u0142awski Bieg Niepodleg\u0142o\u015bci &#8211; biegacze pobiegn\u0105 m.in. ul. Grodzk\u0105, \u015bw. Jadwigi, Sienkiewicza, kard. Wyszy\u0144skiego, \u015bw. Katarzyny, Podwalem, Dworcow\u0105, Marsza\u0142ka Pi\u0142sudskiego i Rusk\u0105. Meta biegu b\u0119dzie znajdowa\u0107 si\u0119 na Rynku. Na pokonanie ca\u0142ej, 10-kilometrowej trasy, biegacze maj\u0105 ok. 2 godzin. Stra\u017c Miejska Wroc\u0142awia z uwagi na [&hellip;]<\/p>\n","protected":false},"author":4,"featured_media":8406,"comment_status":"closed","ping_status":"closed","sticky":false,"template":"","format":"standard","meta":{"footnotes":""},"categories":[16],"tags":[],"class_list":["post-8907","post","type-post","status-publish","format-standard","has-post-thumbnail","hentry","category-aktual"],"_links":{"self":[{"href":"https:\/\/smwroclaw.pl\/index.php?rest_route=\/wp\/v2\/posts\/8907","targetHints":{"allow":["GET"]}}],"collection":[{"href":"https:\/\/smwroclaw.pl\/index.php?rest_route=\/wp\/v2\/posts"}],"about":[{"href":"https:\/\/smwroclaw.pl\/index.php?rest_route=\/wp\/v2\/types\/post"}],"author":[{"embeddable":true,"href":"https:\/\/smwroclaw.pl\/index.php?rest_route=\/wp\/v2\/users\/4"}],"replies":[{"embeddable":true,"href":"https:\/\/smwroclaw.pl\/index.php?rest_route=%2Fwp%2Fv2%2Fcomments&post=8907"}],"version-history":[{"count":9,"href":"https:\/\/smwroclaw.pl\/index.php?rest_route=\/wp\/v2\/posts\/8907\/revisions"}],"predecessor-version":[{"id":8917,"href":"https:\/\/smwroclaw.pl\/index.php?rest_route=\/wp\/v2\/posts\/8907\/revisions\/8917"}],"wp:featuredmedia":[{"embeddable":true,"href":"https:\/\/smwroclaw.pl\/index.php?rest_route=\/wp\/v2\/media\/8406"}],"wp:attachment":[{"href":"https:\/\/smwroclaw.pl\/index.php?rest_route=%2Fwp%2Fv2%2Fmedia&parent=8907"}],"wp:term":[{"taxonomy":"category","embeddable":true,"href":"https:\/\/smwroclaw.pl\/index.php?rest_route=%2Fwp%2Fv2%2Fcategories&post=8907"},{"taxonomy":"post_tag","embeddable":true,"href":"https:\/\/smwroclaw.pl\/index.php?rest_route=%2Fwp%2Fv2%2Ftags&post=8907"}],"curies":[{"name":"wp","href":"https:\/\/api.w.org\/{rel}","templated":true}]}}