{"id":8983,"date":"2019-11-07T13:50:54","date_gmt":"2019-11-07T12:50:54","guid":{"rendered":"http:\/\/smwroclaw.pl\/?p=8983"},"modified":"2019-11-12T07:44:36","modified_gmt":"2019-11-12T06:44:36","slug":"dzialania-antysmogowe-zaproszenie-na-prelekcje","status":"publish","type":"post","link":"https:\/\/smwroclaw.pl\/?p=8983","title":{"rendered":"DZIA\u0141ANIA ANTYSMOGOWE- zaproszenie na prelekcj\u0119 ! (czytaj dalej)"},"content":{"rendered":"<p style=\"text-align: justify;\"><span style=\"font-family: georgia, palatino, serif; font-size: 12pt;\">W dniu <strong>12 listopada 2019r. w godz. 16.00-18.00<\/strong> zapraszamy wszystkich zainteresowanych wys\u0142uchaniem <strong>prelekcji<\/strong> dotycz\u0105cej <strong>Uchwa\u0142y Antysmogowej oraz Lokalnego Programu Os\u0142onowego oraz przyznawania dotacji miejskich do wymiany piec\u00f3w<\/strong>. Zaj\u0119cia poprowadzi funkcjonariuszka <strong>stra\u017cy miejskiej<\/strong> Angelika Wiwatowska oraz Micha\u0142 Bro\u017cyna &#8211; Doradca Energetyczny UM Wroc\u0142awia. Spotkanie odb\u0119dzie si\u0119 w Brochowskim <strong>Centrum Aktywno\u015bci Lokalnej przy ul. Korea\u0144skiej 1A.\u00a0<\/strong><\/span><\/p>\n<p><!--more--><\/p>\n<p><span style=\"font-family: georgia, palatino, serif; font-size: 12pt;\"><strong>wi\u0119cej informacji: \u00a0<\/strong><\/span><span style=\"font-family: georgia, palatino, serif; font-size: 12pt;\"><a href=\"http:\/\/www.mops.wroclaw.pl\/1439-spotkanie-na-temat-uchwaly-antysmogowej\">http:\/\/www.mops.wroclaw.pl\/1439-spotkanie-na-temat-uchwaly-antysmogowej<\/a> <\/span><\/p>\n<p><img fetchpriority=\"high\" decoding=\"async\" class=\"wp-image-8999 aligncenter\" src=\"https:\/\/smwroclaw.pl\/wp-content\/uploads\/2019\/11\/plakatd--212x300.jpg\" alt=\"\" width=\"471\" height=\"666\" srcset=\"https:\/\/smwroclaw.pl\/wp-content\/uploads\/2019\/11\/plakatd--212x300.jpg 212w, https:\/\/smwroclaw.pl\/wp-content\/uploads\/2019\/11\/plakatd-.jpg 679w\" sizes=\"(max-width: 471px) 100vw, 471px\" \/><\/p>\n<p>MP<\/p>\n<p>&nbsp;<\/p>\n","protected":false},"excerpt":{"rendered":"<p>W dniu 12 listopada 2019r. w godz. 16.00-18.00 zapraszamy wszystkich zainteresowanych wys\u0142uchaniem prelekcji dotycz\u0105cej Uchwa\u0142y Antysmogowej oraz Lokalnego Programu Os\u0142onowego oraz przyznawania dotacji miejskich do wymiany piec\u00f3w. Zaj\u0119cia poprowadzi funkcjonariuszka stra\u017cy miejskiej Angelika Wiwatowska oraz Micha\u0142 Bro\u017cyna &#8211; Doradca Energetyczny UM Wroc\u0142awia. Spotkanie odb\u0119dzie si\u0119 w Brochowskim Centrum Aktywno\u015bci Lokalnej przy ul. Korea\u0144skiej 1A.\u00a0<\/p>\n","protected":false},"author":11,"featured_media":8218,"comment_status":"closed","ping_status":"closed","sticky":false,"template":"","format":"standard","meta":{"footnotes":""},"categories":[16],"tags":[],"class_list":["post-8983","post","type-post","status-publish","format-standard","has-post-thumbnail","hentry","category-aktual"],"_links":{"self":[{"href":"https:\/\/smwroclaw.pl\/index.php?rest_route=\/wp\/v2\/posts\/8983","targetHints":{"allow":["GET"]}}],"collection":[{"href":"https:\/\/smwroclaw.pl\/index.php?rest_route=\/wp\/v2\/posts"}],"about":[{"href":"https:\/\/smwroclaw.pl\/index.php?rest_route=\/wp\/v2\/types\/post"}],"author":[{"embeddable":true,"href":"https:\/\/smwroclaw.pl\/index.php?rest_route=\/wp\/v2\/users\/11"}],"replies":[{"embeddable":true,"href":"https:\/\/smwroclaw.pl\/index.php?rest_route=%2Fwp%2Fv2%2Fcomments&post=8983"}],"version-history":[{"count":7,"href":"https:\/\/smwroclaw.pl\/index.php?rest_route=\/wp\/v2\/posts\/8983\/revisions"}],"predecessor-version":[{"id":9001,"href":"https:\/\/smwroclaw.pl\/index.php?rest_route=\/wp\/v2\/posts\/8983\/revisions\/9001"}],"wp:featuredmedia":[{"embeddable":true,"href":"https:\/\/smwroclaw.pl\/index.php?rest_route=\/wp\/v2\/media\/8218"}],"wp:attachment":[{"href":"https:\/\/smwroclaw.pl\/index.php?rest_route=%2Fwp%2Fv2%2Fmedia&parent=8983"}],"wp:term":[{"taxonomy":"category","embeddable":true,"href":"https:\/\/smwroclaw.pl\/index.php?rest_route=%2Fwp%2Fv2%2Fcategories&post=8983"},{"taxonomy":"post_tag","embeddable":true,"href":"https:\/\/smwroclaw.pl\/index.php?rest_route=%2Fwp%2Fv2%2Ftags&post=8983"}],"curies":[{"name":"wp","href":"https:\/\/api.w.org\/{rel}","templated":true}]}}