{"id":9270,"date":"2019-12-02T09:42:09","date_gmt":"2019-12-02T08:42:09","guid":{"rendered":"http:\/\/smwroclaw.pl\/?p=9270"},"modified":"2019-12-02T09:42:09","modified_gmt":"2019-12-02T08:42:09","slug":"odnaleziono-rodzicow-zagubionego-chlopca","status":"publish","type":"post","link":"https:\/\/smwroclaw.pl\/?p=9270","title":{"rendered":"ODNALEZIONO RODZIC\u00d3W ZAGUBIONEGO CH\u0141OPCA"},"content":{"rendered":"<p style=\"text-align: justify;\"><span style=\"font-family: georgia, palatino, serif; font-size: 12pt;\"><strong>1 grudnia 2019r.\u00a0 <\/strong>oko\u0142o godziny 15.10\u00a0 u zbiegu ulic O\u0142awskiej z \u0141aciark\u0105 do patrolu stra\u017cnik\u00f3w miejskich\u00a0 podeszli przechodnie, kt\u00f3rzy zaopiekowali si\u0119 <strong>zagubionym<\/strong>, z wygl\u0105du<strong>\u00a0 4 letnim ch\u0142opcem.\u00a0<\/strong> Ch\u0142opiec <strong>obywatel Korei<\/strong> potrafi\u0142 porozumiewa\u0107 si\u0119 tylko w rodzimym j\u0119zyku &#8211; zosta\u0142 umieszczony w radiowozie stra\u017cy miejskiej. Na miejsce wezwano Policj\u0119. W trakcie oczekiwania na przyjazd patrolu, w\u015br\u00f3d przechodni\u00f3w zauwa\u017cono obywateli Koreii, kt\u00f3rzy na pro\u015bb\u0119 stra\u017cnik\u00f3w, porozumieli si\u0119 z ch\u0142opcem, a nast\u0119pnie drog\u0105 elektroniczn\u0105 (przez komunikator internetowy) rozes\u0142ali w sieci informacj\u0119 o ch\u0142opcu i miejscu jego pobytu. \u00a0O godz. 15.30 na miejsce przyjecha\u0142 patrol Policji a nied\u0142ugo potem\u00a0 <strong>zg\u0142osili si\u0119 rodzice, kt\u00f3rym przekazano dziecko.<\/strong><\/span><\/p>\n<p><!--more--><\/p>\n<p>wf<\/p>\n","protected":false},"excerpt":{"rendered":"<p>1 grudnia 2019r.\u00a0 oko\u0142o godziny 15.10\u00a0 u zbiegu ulic O\u0142awskiej z \u0141aciark\u0105 do patrolu stra\u017cnik\u00f3w miejskich\u00a0 podeszli przechodnie, kt\u00f3rzy zaopiekowali si\u0119 zagubionym, z wygl\u0105du\u00a0 4 letnim ch\u0142opcem.\u00a0 Ch\u0142opiec obywatel Korei potrafi\u0142 porozumiewa\u0107 si\u0119 tylko w rodzimym j\u0119zyku &#8211; zosta\u0142 umieszczony w radiowozie stra\u017cy miejskiej. Na miejsce wezwano Policj\u0119. W trakcie oczekiwania na przyjazd patrolu, w\u015br\u00f3d [&hellip;]<\/p>\n","protected":false},"author":4,"featured_media":8230,"comment_status":"closed","ping_status":"closed","sticky":false,"template":"","format":"standard","meta":{"footnotes":""},"categories":[16],"tags":[],"class_list":["post-9270","post","type-post","status-publish","format-standard","has-post-thumbnail","hentry","category-aktual"],"_links":{"self":[{"href":"https:\/\/smwroclaw.pl\/index.php?rest_route=\/wp\/v2\/posts\/9270","targetHints":{"allow":["GET"]}}],"collection":[{"href":"https:\/\/smwroclaw.pl\/index.php?rest_route=\/wp\/v2\/posts"}],"about":[{"href":"https:\/\/smwroclaw.pl\/index.php?rest_route=\/wp\/v2\/types\/post"}],"author":[{"embeddable":true,"href":"https:\/\/smwroclaw.pl\/index.php?rest_route=\/wp\/v2\/users\/4"}],"replies":[{"embeddable":true,"href":"https:\/\/smwroclaw.pl\/index.php?rest_route=%2Fwp%2Fv2%2Fcomments&post=9270"}],"version-history":[{"count":2,"href":"https:\/\/smwroclaw.pl\/index.php?rest_route=\/wp\/v2\/posts\/9270\/revisions"}],"predecessor-version":[{"id":9272,"href":"https:\/\/smwroclaw.pl\/index.php?rest_route=\/wp\/v2\/posts\/9270\/revisions\/9272"}],"wp:featuredmedia":[{"embeddable":true,"href":"https:\/\/smwroclaw.pl\/index.php?rest_route=\/wp\/v2\/media\/8230"}],"wp:attachment":[{"href":"https:\/\/smwroclaw.pl\/index.php?rest_route=%2Fwp%2Fv2%2Fmedia&parent=9270"}],"wp:term":[{"taxonomy":"category","embeddable":true,"href":"https:\/\/smwroclaw.pl\/index.php?rest_route=%2Fwp%2Fv2%2Fcategories&post=9270"},{"taxonomy":"post_tag","embeddable":true,"href":"https:\/\/smwroclaw.pl\/index.php?rest_route=%2Fwp%2Fv2%2Ftags&post=9270"}],"curies":[{"name":"wp","href":"https:\/\/api.w.org\/{rel}","templated":true}]}}