{"id":9392,"date":"2019-12-10T09:15:48","date_gmt":"2019-12-10T08:15:48","guid":{"rendered":"http:\/\/smwroclaw.pl\/?p=9392"},"modified":"2019-12-10T09:16:34","modified_gmt":"2019-12-10T08:16:34","slug":"nieprawidlowe-parkowanie-mieszkancy-zglaszaja-straznicy-reaguja-4","status":"publish","type":"post","link":"https:\/\/smwroclaw.pl\/?p=9392","title":{"rendered":"NIEPRAWID\u0141OWE PARKOWANIE \u2013 mieszka\u0144cy zg\u0142aszaj\u0105 stra\u017cnicy reaguj\u0105"},"content":{"rendered":"<table style=\"width: 70.036%; height: 431px;\" width=\"645\">\n<tbody>\n<tr>\n<td style=\"width: 4.84359%; text-align: center;\" width=\"26\">\n<p><span style=\"font-family: georgia, palatino, serif; font-size: 12pt;\"><strong>Lp.<\/strong><\/span><\/p>\n<\/td>\n<td style=\"width: 17.2249%; text-align: center;\" width=\"83\">\n<p><span style=\"font-family: georgia, palatino, serif; font-size: 12pt;\"><strong>Dzie\u0144<\/strong><\/span><\/p>\n<\/td>\n<td style=\"width: 36.9219%; text-align: center;\" width=\"261\">\n<p><span style=\"font-family: georgia, palatino, serif; font-size: 12pt;\"><strong>Miejsce<\/strong><\/span><\/p>\n<\/td>\n<td style=\"width: 93.7303%; text-align: center;\" width=\"182\">\n<p><span style=\"font-family: georgia, palatino, serif; font-size: 12pt;\"><strong>Wyniki<\/strong><\/span><\/p>\n<\/td>\n<\/tr>\n<tr>\n<td style=\"width: 4.84359%; text-align: center;\" width=\"26\">\n<p><strong><span style=\"font-family: georgia, palatino, serif; font-size: 12pt;\">1<\/span><\/strong><\/p>\n<\/td>\n<td style=\"width: 17.2249%; text-align: center;\" width=\"83\">\n<p><span style=\"font-family: georgia, palatino, serif; font-size: 12pt;\"><strong>7.12.2019<\/strong><\/span><\/p>\n<\/td>\n<td style=\"width: 36.9219%;\" width=\"261\">\n<p><span style=\"font-family: georgia, palatino, serif; font-size: 12pt;\">ul. Komandorska od ul. Kamiennej do ul. Skwerowej \u2013 parkowanie na chodnikach, brak 1,5 metra przej\u015bcia dla pieszych oraz za znakiem B-36<\/span><\/p>\n<\/td>\n<td style=\"width: 93.7303%;\" width=\"182\">\n<p><span style=\"font-family: georgia, palatino, serif; font-size: 12pt;\">UJAWNIONO WYKROCZE\u0143: <strong>49<\/strong><\/span><\/p>\n<p><span style=\"font-family: georgia, palatino, serif; font-size: 12pt;\">UKARANO: <\/span><span style=\"font-family: georgia, palatino, serif; font-size: 12pt;\">na\u0142o\u017cono <strong>5<\/strong> mandat\u00f3w<\/span><\/p>\n<p><span style=\"font-family: georgia, palatino, serif; font-size: 12pt;\">wszcz\u0119to <strong>43<\/strong> czynno\u015bci w sprawie o wykroczenie (pouczenie, mandat lub wniosek o ukaranie do s\u0105du)<\/span><\/p>\n<p><span style=\"font-family: georgia, palatino, serif; font-size: 12pt;\">LAWETY: odholowano <strong>1<\/strong> pojazd<br \/>\n<\/span><\/p>\n<\/td>\n<\/tr>\n<tr>\n<td style=\"width: 4.84359%; text-align: center;\" width=\"26\">\n<p><strong><span style=\"font-family: georgia, palatino, serif; font-size: 12pt;\">2<\/span><\/strong><\/p>\n<\/td>\n<td style=\"width: 17.2249%; text-align: center;\" width=\"83\">\n<p><span style=\"font-family: georgia, palatino, serif; font-size: 12pt;\"><strong>9.12.2019<\/strong><\/span><\/p>\n<\/td>\n<td style=\"width: 36.9219%;\" width=\"261\">\n<p><span style=\"font-family: georgia, palatino, serif; font-size: 12pt;\">ul. Zaporoska przy Rondzie Powsta\u0144c\u00f3w \u015al\u0105skich \u2013 blokowanie przystanku MPK oraz za B-36<\/span><\/p>\n<\/td>\n<td style=\"width: 93.7303%;\" width=\"182\">\n<p><span style=\"font-family: georgia, palatino, serif; font-size: 12pt;\">UJAWNIONO WYKROCZE\u0143: <strong>6<\/strong><\/span><\/p>\n<p><span style=\"font-family: georgia, palatino, serif; font-size: 12pt;\">UKARANO: <\/span><span style=\"font-family: georgia, palatino, serif; font-size: 12pt;\">na\u0142o\u017cono <strong>4<\/strong> mandaty<\/span><\/p>\n<p><span style=\"font-family: georgia, palatino, serif; font-size: 12pt;\">\u00a0wszcz\u0119to\u00a0 <strong>2<\/strong> czynno\u015bci w sprawie o wykroczenie (pouczenie, mandat lub wniosek o ukaranie do s\u0105du)<\/span><\/p>\n<\/td>\n<\/tr>\n<\/tbody>\n<\/table>\n<p><!--more--><\/p>\n<p>wf<\/p>\n","protected":false},"excerpt":{"rendered":"<p>Lp. Dzie\u0144 Miejsce Wyniki 1 7.12.2019 ul. Komandorska od ul. Kamiennej do ul. Skwerowej \u2013 parkowanie na chodnikach, brak 1,5 metra przej\u015bcia dla pieszych oraz za znakiem B-36 UJAWNIONO WYKROCZE\u0143: 49 UKARANO: na\u0142o\u017cono 5 mandat\u00f3w wszcz\u0119to 43 czynno\u015bci w sprawie o wykroczenie (pouczenie, mandat lub wniosek o ukaranie do s\u0105du) LAWETY: odholowano 1 pojazd 2 [&hellip;]<\/p>\n","protected":false},"author":4,"featured_media":8230,"comment_status":"closed","ping_status":"closed","sticky":false,"template":"","format":"standard","meta":{"footnotes":""},"categories":[16],"tags":[],"class_list":["post-9392","post","type-post","status-publish","format-standard","has-post-thumbnail","hentry","category-aktual"],"_links":{"self":[{"href":"https:\/\/smwroclaw.pl\/index.php?rest_route=\/wp\/v2\/posts\/9392","targetHints":{"allow":["GET"]}}],"collection":[{"href":"https:\/\/smwroclaw.pl\/index.php?rest_route=\/wp\/v2\/posts"}],"about":[{"href":"https:\/\/smwroclaw.pl\/index.php?rest_route=\/wp\/v2\/types\/post"}],"author":[{"embeddable":true,"href":"https:\/\/smwroclaw.pl\/index.php?rest_route=\/wp\/v2\/users\/4"}],"replies":[{"embeddable":true,"href":"https:\/\/smwroclaw.pl\/index.php?rest_route=%2Fwp%2Fv2%2Fcomments&post=9392"}],"version-history":[{"count":5,"href":"https:\/\/smwroclaw.pl\/index.php?rest_route=\/wp\/v2\/posts\/9392\/revisions"}],"predecessor-version":[{"id":9397,"href":"https:\/\/smwroclaw.pl\/index.php?rest_route=\/wp\/v2\/posts\/9392\/revisions\/9397"}],"wp:featuredmedia":[{"embeddable":true,"href":"https:\/\/smwroclaw.pl\/index.php?rest_route=\/wp\/v2\/media\/8230"}],"wp:attachment":[{"href":"https:\/\/smwroclaw.pl\/index.php?rest_route=%2Fwp%2Fv2%2Fmedia&parent=9392"}],"wp:term":[{"taxonomy":"category","embeddable":true,"href":"https:\/\/smwroclaw.pl\/index.php?rest_route=%2Fwp%2Fv2%2Fcategories&post=9392"},{"taxonomy":"post_tag","embeddable":true,"href":"https:\/\/smwroclaw.pl\/index.php?rest_route=%2Fwp%2Fv2%2Ftags&post=9392"}],"curies":[{"name":"wp","href":"https:\/\/api.w.org\/{rel}","templated":true}]}}