{"id":9425,"date":"2019-12-13T12:00:22","date_gmt":"2019-12-13T11:00:22","guid":{"rendered":"http:\/\/smwroclaw.pl\/?p=9425"},"modified":"2019-12-13T12:11:12","modified_gmt":"2019-12-13T11:11:12","slug":"bezpieczny-uczen-wspolne-dzialania-strazy-miejskiej-wroclawia-i-policji-zdjecia","status":"publish","type":"post","link":"https:\/\/smwroclaw.pl\/?p=9425","title":{"rendered":"BEZPIECZNY UCZE\u0143 &#8211; wsp\u00f3lne dzia\u0142ania Stra\u017cy Miejskiej Wroc\u0142awia i Policji (zdj\u0119cia)"},"content":{"rendered":"<p style=\"text-align: justify;\"><span style=\"font-family: georgia, palatino, serif; font-size: 12pt;\">W dniu <strong>12 grudnia<\/strong> 2019r w ramach wsp\u00f3\u0142pracy <strong>stra\u017cnik osiedla Zbigniew Wester<\/strong>\u00a0 oraz <strong>dzielnicowy policji Jan Jakubowski<\/strong> przeprowadzili zaj\u0119cia <strong>&#8222;Bezpieczny ucze\u0144&#8221; <\/strong>z dzie\u0107mi ze Szko\u0142y Podstawowej nr. 47. Zaj\u0119cia z <strong>bezpiecze\u0144stwa i poruszania si\u0119 zgodnie z przepisami<\/strong> po drogach zosta\u0142y po\u0142\u0105czone z wycieczk\u0105 oraz zwiedzaniem Komisariatu Policji Wroc\u0142aw &#8211; Krzyki. Uczniowie zapoznali si\u0119 ze <strong>specjalistycznym sprz\u0119tem oraz prac\u0105 policjant\u00f3w oraz stra\u017cnik\u00f3w miejskich<\/strong>. Zaj\u0119cia i zwiedzanie zako\u0144czy\u0142o wr\u0119czeniem ka\u017cdemu uczniowi <strong>opaski odblaskowej<\/strong> zwi\u0119kszaj\u0105cej bezpiecze\u0144stwo na drodze ka\u017cdego ucznia.<\/span><\/p>\n<p><!--more--><\/p>\n<p>&nbsp;<\/p>\n<p>&nbsp;<\/p>\n<p><img fetchpriority=\"high\" decoding=\"async\" class=\" wp-image-9427 aligncenter\" src=\"https:\/\/smwroclaw.pl\/wp-content\/uploads\/2019\/12\/DSCN2903-300x225.jpg\" alt=\"\" width=\"403\" height=\"302\" srcset=\"https:\/\/smwroclaw.pl\/wp-content\/uploads\/2019\/12\/DSCN2903-300x225.jpg 300w, https:\/\/smwroclaw.pl\/wp-content\/uploads\/2019\/12\/DSCN2903-768x576.jpg 768w\" sizes=\"(max-width: 403px) 100vw, 403px\" \/><\/p>\n<p>&nbsp;<\/p>\n<p><img decoding=\"async\" class=\" wp-image-9428 aligncenter\" src=\"https:\/\/smwroclaw.pl\/wp-content\/uploads\/2019\/12\/DSCN2886-300x225.jpg\" alt=\"\" width=\"393\" height=\"295\" srcset=\"https:\/\/smwroclaw.pl\/wp-content\/uploads\/2019\/12\/DSCN2886-300x225.jpg 300w, https:\/\/smwroclaw.pl\/wp-content\/uploads\/2019\/12\/DSCN2886-768x576.jpg 768w\" sizes=\"(max-width: 393px) 100vw, 393px\" \/><\/p>\n<p>&nbsp;<\/p>\n<p><img decoding=\"async\" class=\" wp-image-9429 aligncenter\" src=\"https:\/\/smwroclaw.pl\/wp-content\/uploads\/2019\/12\/DSCN2899-300x225.jpg\" alt=\"\" width=\"390\" height=\"293\" srcset=\"https:\/\/smwroclaw.pl\/wp-content\/uploads\/2019\/12\/DSCN2899-300x225.jpg 300w, https:\/\/smwroclaw.pl\/wp-content\/uploads\/2019\/12\/DSCN2899-768x576.jpg 768w\" sizes=\"(max-width: 390px) 100vw, 390px\" \/><\/p>\n<p>&nbsp;<\/p>\n<p>MP<\/p>\n","protected":false},"excerpt":{"rendered":"<p>W dniu 12 grudnia 2019r w ramach wsp\u00f3\u0142pracy stra\u017cnik osiedla Zbigniew Wester\u00a0 oraz dzielnicowy policji Jan Jakubowski przeprowadzili zaj\u0119cia &#8222;Bezpieczny ucze\u0144&#8221; z dzie\u0107mi ze Szko\u0142y Podstawowej nr. 47. Zaj\u0119cia z bezpiecze\u0144stwa i poruszania si\u0119 zgodnie z przepisami po drogach zosta\u0142y po\u0142\u0105czone z wycieczk\u0105 oraz zwiedzaniem Komisariatu Policji Wroc\u0142aw &#8211; Krzyki. Uczniowie zapoznali si\u0119 ze specjalistycznym [&hellip;]<\/p>\n","protected":false},"author":11,"featured_media":9426,"comment_status":"closed","ping_status":"closed","sticky":false,"template":"","format":"standard","meta":{"footnotes":""},"categories":[16],"tags":[],"class_list":["post-9425","post","type-post","status-publish","format-standard","has-post-thumbnail","hentry","category-aktual"],"_links":{"self":[{"href":"https:\/\/smwroclaw.pl\/index.php?rest_route=\/wp\/v2\/posts\/9425","targetHints":{"allow":["GET"]}}],"collection":[{"href":"https:\/\/smwroclaw.pl\/index.php?rest_route=\/wp\/v2\/posts"}],"about":[{"href":"https:\/\/smwroclaw.pl\/index.php?rest_route=\/wp\/v2\/types\/post"}],"author":[{"embeddable":true,"href":"https:\/\/smwroclaw.pl\/index.php?rest_route=\/wp\/v2\/users\/11"}],"replies":[{"embeddable":true,"href":"https:\/\/smwroclaw.pl\/index.php?rest_route=%2Fwp%2Fv2%2Fcomments&post=9425"}],"version-history":[{"count":2,"href":"https:\/\/smwroclaw.pl\/index.php?rest_route=\/wp\/v2\/posts\/9425\/revisions"}],"predecessor-version":[{"id":9433,"href":"https:\/\/smwroclaw.pl\/index.php?rest_route=\/wp\/v2\/posts\/9425\/revisions\/9433"}],"wp:featuredmedia":[{"embeddable":true,"href":"https:\/\/smwroclaw.pl\/index.php?rest_route=\/wp\/v2\/media\/9426"}],"wp:attachment":[{"href":"https:\/\/smwroclaw.pl\/index.php?rest_route=%2Fwp%2Fv2%2Fmedia&parent=9425"}],"wp:term":[{"taxonomy":"category","embeddable":true,"href":"https:\/\/smwroclaw.pl\/index.php?rest_route=%2Fwp%2Fv2%2Fcategories&post=9425"},{"taxonomy":"post_tag","embeddable":true,"href":"https:\/\/smwroclaw.pl\/index.php?rest_route=%2Fwp%2Fv2%2Ftags&post=9425"}],"curies":[{"name":"wp","href":"https:\/\/api.w.org\/{rel}","templated":true}]}}