{"id":9515,"date":"2019-12-19T15:09:42","date_gmt":"2019-12-19T14:09:42","guid":{"rendered":"http:\/\/smwroclaw.pl\/?p=9515"},"modified":"2019-12-19T15:10:57","modified_gmt":"2019-12-19T14:10:57","slug":"bezpieczny-przedszkolak-zajecia-z-zasad-bezpieczenstwa-na-drodze-zdjecia","status":"publish","type":"post","link":"https:\/\/smwroclaw.pl\/?p=9515","title":{"rendered":"BEZPIECZNY PRZEDSZKOLAK &#8211; zaj\u0119cia z zasad bezpiecze\u0144stwa na drodze (zdj\u0119cia)"},"content":{"rendered":"<p style=\"text-align: justify;\"><span style=\"font-family: georgia, palatino, serif; font-size: 12pt;\">W dniu <strong>19 grudnia<\/strong> 2019r. <strong>stra\u017cnicy<\/strong> osiedla Borek <strong>Zbigniew Wester<\/strong> oraz osiedla Broch\u00f3w <strong>Marcin Marcinowski<\/strong> przeprowadzili w przedszkolu nr. 51 przy <strong>ul. Semaforowej<\/strong> <strong>prelekcje<\/strong> dla przedszkolak\u00f3w. Stra\u017cnicy przeprowadzili zaj\u0119cia w terenie oraz prze\u0107wiczyli z przedszkolakami <strong>zasady bezpiecznego przechodzenia przez jezdni\u0119<\/strong>. Dodatkowo ka\u017cdy z przedszkolak\u00f3w otrzyma\u0142 <strong>kamizelk\u0119 odblaskow\u0105<\/strong> oraz ku wielkiej uciesze,\u00a0 m\u00f3g\u0142 zapozna\u0107 si\u0119 osobi\u015bcie z naszym radiowozem. <\/span><\/p>\n<p><!--more--><\/p>\n<p>&nbsp;<\/p>\n<p>&nbsp;<\/p>\n<p><img fetchpriority=\"high\" decoding=\"async\" class=\" wp-image-9521 aligncenter\" src=\"https:\/\/smwroclaw.pl\/wp-content\/uploads\/2019\/12\/IMG_3139-300x225.jpg\" alt=\"\" width=\"445\" height=\"334\" srcset=\"https:\/\/smwroclaw.pl\/wp-content\/uploads\/2019\/12\/IMG_3139-300x225.jpg 300w, https:\/\/smwroclaw.pl\/wp-content\/uploads\/2019\/12\/IMG_3139.jpg 640w\" sizes=\"(max-width: 445px) 100vw, 445px\" \/><\/p>\n<p>&nbsp;<\/p>\n<p><img decoding=\"async\" class=\" wp-image-9522 aligncenter\" src=\"https:\/\/smwroclaw.pl\/wp-content\/uploads\/2019\/12\/IMG_3144-e1576764463556-225x300.jpg\" alt=\"\" width=\"287\" height=\"383\" srcset=\"https:\/\/smwroclaw.pl\/wp-content\/uploads\/2019\/12\/IMG_3144-e1576764463556-225x300.jpg 225w, https:\/\/smwroclaw.pl\/wp-content\/uploads\/2019\/12\/IMG_3144-e1576764463556.jpg 480w\" sizes=\"(max-width: 287px) 100vw, 287px\" \/><\/p>\n<p>&nbsp;<\/p>\n<p><img decoding=\"async\" class=\" wp-image-9523 aligncenter\" src=\"https:\/\/smwroclaw.pl\/wp-content\/uploads\/2019\/12\/IMG_3138-300x225.jpg\" alt=\"\" width=\"425\" height=\"319\" srcset=\"https:\/\/smwroclaw.pl\/wp-content\/uploads\/2019\/12\/IMG_3138-300x225.jpg 300w, https:\/\/smwroclaw.pl\/wp-content\/uploads\/2019\/12\/IMG_3138.jpg 640w\" sizes=\"(max-width: 425px) 100vw, 425px\" \/><\/p>\n<p>&nbsp;<\/p>\n<p><img loading=\"lazy\" decoding=\"async\" class=\" wp-image-9524 aligncenter\" src=\"https:\/\/smwroclaw.pl\/wp-content\/uploads\/2019\/12\/IMG_3146-300x225.jpg\" alt=\"\" width=\"418\" height=\"313\" srcset=\"https:\/\/smwroclaw.pl\/wp-content\/uploads\/2019\/12\/IMG_3146-300x225.jpg 300w, https:\/\/smwroclaw.pl\/wp-content\/uploads\/2019\/12\/IMG_3146.jpg 640w\" sizes=\"(max-width: 418px) 100vw, 418px\" \/><\/p>\n<p>&nbsp;<\/p>\n<p><img loading=\"lazy\" decoding=\"async\" class=\" wp-image-9525 aligncenter\" src=\"https:\/\/smwroclaw.pl\/wp-content\/uploads\/2019\/12\/IMG_31511-e1576764542744-225x300.jpg\" alt=\"\" width=\"270\" height=\"360\" srcset=\"https:\/\/smwroclaw.pl\/wp-content\/uploads\/2019\/12\/IMG_31511-e1576764542744-225x300.jpg 225w, https:\/\/smwroclaw.pl\/wp-content\/uploads\/2019\/12\/IMG_31511-e1576764542744.jpg 480w\" sizes=\"(max-width: 270px) 100vw, 270px\" \/><\/p>\n<p><img loading=\"lazy\" decoding=\"async\" class=\" wp-image-9526 aligncenter\" src=\"https:\/\/smwroclaw.pl\/wp-content\/uploads\/2019\/12\/IMG_3152-1-300x225.jpg\" alt=\"\" width=\"412\" height=\"309\" srcset=\"https:\/\/smwroclaw.pl\/wp-content\/uploads\/2019\/12\/IMG_3152-1-300x225.jpg 300w, https:\/\/smwroclaw.pl\/wp-content\/uploads\/2019\/12\/IMG_3152-1.jpg 640w\" sizes=\"(max-width: 412px) 100vw, 412px\" \/><\/p>\n<p>MP<\/p>\n","protected":false},"excerpt":{"rendered":"<p>W dniu 19 grudnia 2019r. stra\u017cnicy osiedla Borek Zbigniew Wester oraz osiedla Broch\u00f3w Marcin Marcinowski przeprowadzili w przedszkolu nr. 51 przy ul. Semaforowej prelekcje dla przedszkolak\u00f3w. Stra\u017cnicy przeprowadzili zaj\u0119cia w terenie oraz prze\u0107wiczyli z przedszkolakami zasady bezpiecznego przechodzenia przez jezdni\u0119. Dodatkowo ka\u017cdy z przedszkolak\u00f3w otrzyma\u0142 kamizelk\u0119 odblaskow\u0105 oraz ku wielkiej uciesze,\u00a0 m\u00f3g\u0142 zapozna\u0107 si\u0119 osobi\u015bcie [&hellip;]<\/p>\n","protected":false},"author":11,"featured_media":9520,"comment_status":"closed","ping_status":"closed","sticky":false,"template":"","format":"standard","meta":{"footnotes":""},"categories":[16],"tags":[],"class_list":["post-9515","post","type-post","status-publish","format-standard","has-post-thumbnail","hentry","category-aktual"],"_links":{"self":[{"href":"https:\/\/smwroclaw.pl\/index.php?rest_route=\/wp\/v2\/posts\/9515","targetHints":{"allow":["GET"]}}],"collection":[{"href":"https:\/\/smwroclaw.pl\/index.php?rest_route=\/wp\/v2\/posts"}],"about":[{"href":"https:\/\/smwroclaw.pl\/index.php?rest_route=\/wp\/v2\/types\/post"}],"author":[{"embeddable":true,"href":"https:\/\/smwroclaw.pl\/index.php?rest_route=\/wp\/v2\/users\/11"}],"replies":[{"embeddable":true,"href":"https:\/\/smwroclaw.pl\/index.php?rest_route=%2Fwp%2Fv2%2Fcomments&post=9515"}],"version-history":[{"count":4,"href":"https:\/\/smwroclaw.pl\/index.php?rest_route=\/wp\/v2\/posts\/9515\/revisions"}],"predecessor-version":[{"id":9529,"href":"https:\/\/smwroclaw.pl\/index.php?rest_route=\/wp\/v2\/posts\/9515\/revisions\/9529"}],"wp:featuredmedia":[{"embeddable":true,"href":"https:\/\/smwroclaw.pl\/index.php?rest_route=\/wp\/v2\/media\/9520"}],"wp:attachment":[{"href":"https:\/\/smwroclaw.pl\/index.php?rest_route=%2Fwp%2Fv2%2Fmedia&parent=9515"}],"wp:term":[{"taxonomy":"category","embeddable":true,"href":"https:\/\/smwroclaw.pl\/index.php?rest_route=%2Fwp%2Fv2%2Fcategories&post=9515"},{"taxonomy":"post_tag","embeddable":true,"href":"https:\/\/smwroclaw.pl\/index.php?rest_route=%2Fwp%2Fv2%2Ftags&post=9515"}],"curies":[{"name":"wp","href":"https:\/\/api.w.org\/{rel}","templated":true}]}}