{"id":9671,"date":"2020-01-14T06:40:03","date_gmt":"2020-01-14T05:40:03","guid":{"rendered":"http:\/\/smwroclaw.pl\/?p=9671"},"modified":"2020-01-14T07:48:23","modified_gmt":"2020-01-14T06:48:23","slug":"w-niedziele-12-grudnia-2020r-final-wosp-straz-miejska-wroclawia-bedzie-obecna","status":"publish","type":"post","link":"https:\/\/smwroclaw.pl\/?p=9671","title":{"rendered":"LICYTACJA WCI\u0104\u017b TRWA &#8211; zapraszamy ! (czytaj dalej)"},"content":{"rendered":"<p>&nbsp;<\/p>\n<p style=\"text-align: justify;\"><span style=\"font-family: georgia, palatino, serif; font-size: 14pt;\"><strong>UWAGA:<\/strong> mo\u017cemy uczestniczy\u0107 w licytacji z kt\u00f3rej <strong>doch\u00f3d zostanie przekazany na WO\u015aP<\/strong>:<\/span><\/p>\n<p>&nbsp;<\/p>\n<p>&nbsp;<\/p>\n<p>&nbsp;<\/p>\n<ol>\n<li style=\"text-align: justify;\"><span style=\"font-family: georgia, palatino, serif; font-size: 12pt;\"><strong>MINIRATOWNIK<\/strong>:<a href=\"https:\/\/allegro.pl\/oferta\/miniratownik-szkolenie-z-pierwszej-pomocy-8843713705?utm_medium=app_share&amp;utm_source=facebook&amp;fbclid=IwAR2cw5VMfPCXPTREL3JSwdmjQGdkirk4eXv8HD1LYyn8btpNwMrWLQVGAOY\">https:\/\/allegro.pl\/oferta\/miniratownik-szkolenie-z-pierwszej-pomocy-8843713705?utm_medium=app_share&amp;utm_source=facebook&amp;fbclid=IwAR2cw5VMfPCXPTREL3JSwdmjQGdkirk4eXv8HD1LYyn8btpNwMrWLQVGAOY<\/a><br \/>\n<\/span><\/li>\n<li><span style=\"font-family: georgia, palatino, serif; font-size: 12pt;\"><strong>DZIE\u0143 ZE STRA\u017b\u0104 MIEJSK\u0104 WROC\u0141AWIA:<\/strong> <a href=\"https:\/\/allegro.pl\/oferta\/dzien-ze-straza-miejska-wroclawia-8845646277?utm_medium=app_share&amp;utm_source=facebook&amp;fbclid=IwAR1KBuH3jsusmRIEOI3NGnVUts2ZQz0e-yqi7NHnqp8nkZcLS5wk9Knejag\">https:\/\/allegro.pl\/oferta\/dzien-ze-straza-miejska-wroclawia-8845646277?utm_medium=app_share&amp;utm_source=facebook&amp;fbclid=IwAR1KBuH3jsusmRIEOI3NGnVUts2ZQz0e-yqi7NHnqp8nkZcLS5wk9Knejag<\/a><\/span><\/li>\n<\/ol>\n<p><img fetchpriority=\"high\" decoding=\"async\" class=\"alignnone  wp-image-9691\" src=\"https:\/\/smwroclaw.pl\/wp-content\/uploads\/2020\/01\/PLAKAT-WO\u015aP-miniratownik-2020.jpg\" alt=\"\" width=\"363\" height=\"513\" srcset=\"https:\/\/smwroclaw.pl\/wp-content\/uploads\/2020\/01\/PLAKAT-WO\u015aP-miniratownik-2020.jpg 826w, https:\/\/smwroclaw.pl\/wp-content\/uploads\/2020\/01\/PLAKAT-WO\u015aP-miniratownik-2020-212x300.jpg 212w, https:\/\/smwroclaw.pl\/wp-content\/uploads\/2020\/01\/PLAKAT-WO\u015aP-miniratownik-2020-768x1087.jpg 768w\" sizes=\"(max-width: 363px) 100vw, 363px\" \/><img decoding=\"async\" class=\"wp-image-9708 alignleft\" src=\"https:\/\/smwroclaw.pl\/wp-content\/uploads\/2020\/01\/PLAKAT-WO\u015aP-dzie\u0144-ze-stra\u017c\u0105-o92020.jpg\" alt=\"\" width=\"366\" height=\"518\" srcset=\"https:\/\/smwroclaw.pl\/wp-content\/uploads\/2020\/01\/PLAKAT-WO\u015aP-dzie\u0144-ze-stra\u017c\u0105-o92020.jpg 826w, https:\/\/smwroclaw.pl\/wp-content\/uploads\/2020\/01\/PLAKAT-WO\u015aP-dzie\u0144-ze-stra\u017c\u0105-o92020-212x300.jpg 212w, https:\/\/smwroclaw.pl\/wp-content\/uploads\/2020\/01\/PLAKAT-WO\u015aP-dzie\u0144-ze-stra\u017c\u0105-o92020-768x1087.jpg 768w\" sizes=\"(max-width: 366px) 100vw, 366px\" \/><\/p>\n<p style=\"text-align: justify;\">\u00a0<\/p>\n<p style=\"text-align: justify;\"><!--more--><\/p>\n<ul>\n<li style=\"text-align: justify;\"><span style=\"text-decoration: underline;\"><span style=\"font-family: georgia, palatino, serif; font-size: 12pt;\">Stra\u017c Miejska Wroc\u0142awia\u00a0 zaprasza na aukcj\u0119 zaj\u0119\u0107 z pierwszej pomocy dla najm\u0142odszych \u2013 <strong>MiniRatownik.<\/strong><\/span><\/span><\/li>\n<\/ul>\n<p style=\"text-align: justify;\"><span style=\"font-family: georgia, palatino, serif; font-size: 12pt;\"> <strong>MiniRatownik<\/strong> jest najpopularniejszym programem edukacyjnym, realizowanym przez wroc\u0142awsk\u0105 Stra\u017c Miejsk\u0105. Program ma na celu nauczenie najm\u0142odszych zachowania w sytuacjach niebezpiecznych, numer\u00f3w alarmowych do poszczeg\u00f3lnych s\u0142u\u017cb oraz, co najwa\u017cniejsze, zachowania si\u0119 w sytuacji, gdy kto\u015b potrzebuje pomocy.<\/span><\/p>\n<p style=\"text-align: justify;\"><span style=\"font-family: georgia, palatino, serif; font-size: 12pt;\">\u00a0\u00a0\u00a0\u00a0\u00a0\u00a0\u00a0\u00a0 Dzieci mog\u0105 \u0107wiczy\u0107 na specjalnych fantomach resuscytacj\u0119, mog\u0105 zapozna\u0107 si\u0119 z zasadami dzia\u0142ania defibrylatora AED. Nauka udzielania pierwszej pomocy jest bardzo wa\u017cna i istotne jest, \u017ceby ju\u017c najm\u0142odsi nabywali praktycznej umiej\u0119tno\u015bci oraz oswajali si\u0119 z ide\u0105 pomagania. Przyk\u0142ad\u00f3w ratowania \u017cycia przez dzieci nie brakuje. <\/span><\/p>\n<p>&nbsp;<\/p>\n<p style=\"text-align: justify;\"><strong><span style=\"font-family: georgia, palatino, serif; font-size: 12pt;\">Termin i miejsce zaj\u0119\u0107 do uzgodnienia telefonicznie pod nr 502810968<\/span><\/strong><\/p>\n<p style=\"text-align: justify;\"><span style=\"font-family: georgia, palatino, serif; font-size: 12pt;\"><strong>Cena wywo\u0142awcza 100 z\u0142. (grupa do 25 os\u00f3b, wiek 3-10 lat).<\/strong><\/span><\/p>\n<p>&nbsp;<\/p>\n<ul style=\"text-align: justify;\">\n<li><span style=\"text-decoration: underline;\"><span style=\"font-family: georgia, palatino, serif; font-size: 12pt;\">Stra\u017c Miejska Wroc\u0142awia zaprasza na aukcj\u0119 pt. <strong>\u201eDzie\u0144 ze Stra\u017c\u0105 Miejsk\u0105\u201d<\/strong><\/span><\/span><\/li>\n<\/ul>\n<p style=\"text-align: justify;\"><span style=\"font-family: georgia, palatino, serif; font-size: 12pt;\">Zwyci\u0119zcy gwarantujemy zwiedzanie nowej siedziby Stra\u017cy Miejskiej Wroc\u0142awia, kr\u00f3tkie spotkanie z Komendantem w jego gabinecie z mo\u017cliwo\u015bci\u0105 zaj\u0119cia miejsca w jego fotelu oraz uwiecznienia tego na fotografii. W trakcie zwiedzania zaprezentujemy sprz\u0119t, <\/span><span style=\"font-family: georgia, palatino, serif; font-size: 12pt;\">z kt\u00f3rego na co dzie\u0144 korzystaj\u0105 stra\u017cnicy, w szczeg\u00f3lno\u015bci: radiowozy, drony, blokady, zadymiark\u0119, fotopu\u0142apk\u0119, analizator spalin.<\/span><\/p>\n<p style=\"text-align: justify;\"><span style=\"font-family: georgia, palatino, serif; font-size: 12pt;\">\u00a0\u00a0\u00a0\u00a0\u00a0\u00a0\u00a0<strong>\u00a0 \u201eDzie\u0144 ze Stra\u017c\u0105 Miejsk\u0105\u201d<\/strong> uatrakcyjni\u0105 kr\u00f3tkimi pokazami patrol konny, animal patrol, eko patrol, a ponadto mo\u017cliwe b\u0119dzie skorzystanie z profilaktycznych zaj\u0119\u0107 edukacyjnych dotycz\u0105cych bezpiecze\u0144stwa. Na zako\u0144czenie spotkania przewidziany jest kr\u00f3tki konkurs z nagrodami. Niespodziank\u0105 b\u0119dzie spotkanie z wielokrotnym mistrzem Polski w boksie, Maciejem Zeganem.<\/span><\/p>\n<p style=\"text-align: justify;\"><span style=\"font-family: georgia, palatino, serif; font-size: 12pt;\">\u00a0\u00a0\u00a0\u00a0\u00a0\u00a0\u00a0\u00a0 Zwyci\u0119zca aukcji \u201eDnia ze Stra\u017c\u0105 Miejsk\u0105\u201d mo\u017ce skorzysta\u0107 z powy\u017cszych atrakcji indywidualnie b\u0105d\u017a w grupie max 25 os. Wygran\u0105 mo\u017cna r\u00f3wnie\u017c przekaza\u0107 wybranej przez siebie plac\u00f3wce o\u015bwiatowej znajduj\u0105cej si\u0119 na terenie Wroc\u0142awia.<\/span><\/p>\n<p style=\"text-align: justify;\">\u00a0<\/p>\n<p style=\"text-align: justify;\"><span style=\"font-family: georgia, palatino, serif; font-size: 12pt;\">T<strong>ermin realizacji do uzgodnienia telefonicznie pod numerem telefonu 502810968<\/strong><\/span><\/p>\n<p style=\"text-align: justify;\"><strong><span style=\"font-family: georgia, palatino, serif; font-size: 12pt;\">Cena wywo\u0142awcza 500 z\u0142.<\/span><\/strong><\/p>\n<p>&nbsp;<\/p>\n<p style=\"text-align: justify;\"><span style=\"font-family: georgia, palatino, serif; font-size: 12pt;\"><strong>wi\u0119cej informacji o WO\u015aP we Wroc\u0142awiu<\/strong>:<a href=\"https:\/\/www.wroclaw.pl\/28-final-wosp-we-wroclawiu-program\"> https:\/\/www.wroclaw.pl\/28-final-wosp-we-wroclawiu-program<\/a><\/span><\/p>\n<p style=\"text-align: justify;\">\u00a0<\/p>\n<p>wf<\/p>\n","protected":false},"excerpt":{"rendered":"<p>&nbsp; UWAGA: mo\u017cemy uczestniczy\u0107 w licytacji z kt\u00f3rej doch\u00f3d zostanie przekazany na WO\u015aP: &nbsp; &nbsp; &nbsp; MINIRATOWNIK:https:\/\/allegro.pl\/oferta\/miniratownik-szkolenie-z-pierwszej-pomocy-8843713705?utm_medium=app_share&amp;utm_source=facebook&amp;fbclid=IwAR2cw5VMfPCXPTREL3JSwdmjQGdkirk4eXv8HD1LYyn8btpNwMrWLQVGAOY DZIE\u0143 ZE STRA\u017b\u0104 MIEJSK\u0104 WROC\u0141AWIA: https:\/\/allegro.pl\/oferta\/dzien-ze-straza-miejska-wroclawia-8845646277?utm_medium=app_share&amp;utm_source=facebook&amp;fbclid=IwAR1KBuH3jsusmRIEOI3NGnVUts2ZQz0e-yqi7NHnqp8nkZcLS5wk9Knejag \u00a0<\/p>\n","protected":false},"author":4,"featured_media":9674,"comment_status":"closed","ping_status":"closed","sticky":false,"template":"","format":"standard","meta":{"footnotes":""},"categories":[16],"tags":[],"class_list":["post-9671","post","type-post","status-publish","format-standard","has-post-thumbnail","hentry","category-aktual"],"_links":{"self":[{"href":"https:\/\/smwroclaw.pl\/index.php?rest_route=\/wp\/v2\/posts\/9671","targetHints":{"allow":["GET"]}}],"collection":[{"href":"https:\/\/smwroclaw.pl\/index.php?rest_route=\/wp\/v2\/posts"}],"about":[{"href":"https:\/\/smwroclaw.pl\/index.php?rest_route=\/wp\/v2\/types\/post"}],"author":[{"embeddable":true,"href":"https:\/\/smwroclaw.pl\/index.php?rest_route=\/wp\/v2\/users\/4"}],"replies":[{"embeddable":true,"href":"https:\/\/smwroclaw.pl\/index.php?rest_route=%2Fwp%2Fv2%2Fcomments&post=9671"}],"version-history":[{"count":22,"href":"https:\/\/smwroclaw.pl\/index.php?rest_route=\/wp\/v2\/posts\/9671\/revisions"}],"predecessor-version":[{"id":9746,"href":"https:\/\/smwroclaw.pl\/index.php?rest_route=\/wp\/v2\/posts\/9671\/revisions\/9746"}],"wp:featuredmedia":[{"embeddable":true,"href":"https:\/\/smwroclaw.pl\/index.php?rest_route=\/wp\/v2\/media\/9674"}],"wp:attachment":[{"href":"https:\/\/smwroclaw.pl\/index.php?rest_route=%2Fwp%2Fv2%2Fmedia&parent=9671"}],"wp:term":[{"taxonomy":"category","embeddable":true,"href":"https:\/\/smwroclaw.pl\/index.php?rest_route=%2Fwp%2Fv2%2Fcategories&post=9671"},{"taxonomy":"post_tag","embeddable":true,"href":"https:\/\/smwroclaw.pl\/index.php?rest_route=%2Fwp%2Fv2%2Ftags&post=9671"}],"curies":[{"name":"wp","href":"https:\/\/api.w.org\/{rel}","templated":true}]}}