{"id":9724,"date":"2020-01-10T15:42:51","date_gmt":"2020-01-10T14:42:51","guid":{"rendered":"http:\/\/smwroclaw.pl\/?p=9724"},"modified":"2020-01-13T07:30:25","modified_gmt":"2020-01-13T06:30:25","slug":"miniratownik-podsumowanie-roku-2019","status":"publish","type":"post","link":"https:\/\/smwroclaw.pl\/?p=9724","title":{"rendered":"MiniRatownik \u2013 podsumowanie roku 2019 (czytaj dalej)"},"content":{"rendered":"<p style=\"text-align: justify;\"><span style=\"font-family: georgia, palatino, serif; font-size: 12pt;\">W styczniu mijaj\u0105 cztery lata od kiedy<strong> Stra\u017c Miejska Wroc\u0142awia<\/strong> realizuje program <strong>\u201eMiniRatownik\u201d<\/strong>. Postawili\u015bmy sobie za cel wykszta\u0142cenie naszych najm\u0142odszych w\u0142a\u015bnie w kierunku udzielania pierwszej pomocy.<\/span><br \/>\n<span style=\"font-family: georgia, palatino, serif; font-size: 12pt;\">Dzi\u015b robimy podsumowanie roku <strong>2019<\/strong>. Przeszkolili\u015bmy w tym czasie ponad <strong>10000 os\u00f3b z 65 plac\u00f3wek<\/strong>. Zaj\u0119cia by\u0142y realizowane w r\u00f3\u017cnych grupach wiekowych, pocz\u0105wszy od \u017c\u0142obka. Najwi\u0119ksza ilo\u015b\u0107 zaj\u0119\u0107 odby\u0142a si\u0119 w grupach wiekowych <strong>2,5 \u2013 10 lat<\/strong>. Z niekt\u00f3rymi dzie\u0107mi spotykamy si\u0119 ju\u017c kolejny raz i jeste\u015bmy pewni\u2026 to co robimy dzia\u0142a!<\/span><!--more--><\/p>\n<p style=\"text-align: justify;\"><span style=\"font-family: georgia, palatino, serif; font-size: 12pt;\"> Maluchy doskonale pami\u0119taj\u0105 przekazan\u0105 im wiedz\u0119 i potrafi\u0105 j\u0105 zastosowa\u0107.<\/span><\/p>\n<p style=\"text-align: justify;\"><span style=\"font-family: georgia, palatino, serif; font-size: 12pt;\"> Byli\u015bmy w <strong>Szkole Podstawowej nr 74 przy ul. Kleczkowskiej<\/strong> i uczestniczyli\u015bmy z dzie\u0107mi w kolejnej pr\u00f3bie pobicia <strong>Rekordu w jednoczesnym prowadzeniu resuscytacji kr\u0105\u017ceniowo \u2013 oddechowej<\/strong>. W pr\u00f3bie bra\u0142o udzia\u0142<strong> 230<\/strong> uczni\u00f3w szko\u0142y.<\/span><br \/>\n<span style=\"font-family: georgia, palatino, serif; font-size: 12pt;\"><strong>12 czerwca<\/strong> odby\u0142 si\u0119 <strong>fina\u0142 konkursu \u201eMiniRatownik 2019\u201d<\/strong> do kt\u00f3rego zakwalifikowa\u0142o si\u0119 <strong>11 trzyosobowych dru\u017cyn z wroc\u0142awskich szk\u00f3\u0142 podstawowych<\/strong>. Dzieci musia\u0142y zmierzy\u0107 si\u0119 z szeregiem konkurencji dotycz\u0105cych m.in. pierwszej pomocy, bezpiecze\u0144stwa, ekologii. <strong>Konkurs obj\u0119ty zosta\u0142 Honorowym Patronatem Prezydenta Wroc\u0142awia Jacka Sutryka<\/strong>.<\/span><br \/>\n<strong><span style=\"font-family: georgia, palatino, serif; font-size: 12pt;\">MiniRatownikami roku 2019 zosta\u0142y dzieci z dru\u017cyny Szko\u0142y Podstawowej 32 przy ul. K\u0142odzkiej.<\/span><\/strong><\/p>\n<p style=\"text-align: justify;\"><span style=\"font-family: georgia, palatino, serif; font-size: 12pt;\">Przypominamy!<\/span><br \/>\n<span style=\"font-family: georgia, palatino, serif; font-size: 12pt;\"><strong>Program \u201eMiniRatownik\u201d<\/strong> ma na celu nauczenie najm\u0142odszych: zachowania w sytuacjach niebezpiecznych, numer\u00f3w alarmowych do poszczeg\u00f3lnych s\u0142u\u017cb oraz co najwa\u017cniejsze jak zachowa\u0107 si\u0119 gdy kto\u015b potrzebuje pomocy. Dzieci mog\u0105 \u0107wiczy\u0107 na specjalnych fantomach<strong> resuscytacj\u0119<\/strong>, mog\u0105 zapozna\u0107 si\u0119 z zasadami dzia\u0142ania <strong>defibrylatora AED<\/strong> i gdzie to urz\u0105dzenie jest dost\u0119pne.<\/span><br \/>\n<span style=\"font-family: georgia, palatino, serif; font-size: 12pt;\">Przy okazji zaj\u0119\u0107 z pierwszej pomocy zawsze zapoznajemy naszych podopiecznych z umundurowaniem i prac\u0105 <strong>Stra\u017cnika Miejskiego<\/strong>.<\/span><br \/>\n<span style=\"font-family: georgia, palatino, serif; font-size: 12pt;\">Funkcjonariuszka prowadz\u0105ca zaj\u0119cia inspektor Beata Dopiera\u0142a uko\u0144czy\u0142a Wy\u017csz\u0105 Szko\u0142\u0119 Medyczn\u0105 w Legnicy na kierunku piel\u0119gniarstwo.<\/span><br \/>\n<span style=\"font-family: georgia, palatino, serif; font-size: 12pt;\">Nauczycieli i opiekun\u00f3w ze \u017c\u0142obk\u00f3w, przedszkoli i szk\u00f3\u0142 podstawowych, ch\u0119tnych, aby przeprowadzi\u0107 w ich plac\u00f3wkach zaj\u0119cia z cyklu \u201eMiniRatownik\u201d prosimy o kontakt na adres <a href=\"http:\/\/straz@strazmiejska.wroclaw.pl\">http:\/\/straz@strazmiejska.wroclaw.pl<\/a>. <br \/>\n<\/span><\/p>\n<p style=\"text-align: justify;\"><span style=\"font-family: georgia, palatino, serif; font-size: 12pt;\">Szczeg\u00f3\u0142y programu mo\u017cna uzyska\u0107 pod numerem telefonu <strong>502810968<\/strong><\/span><\/p>\n<p style=\"text-align: center;\"><img fetchpriority=\"high\" decoding=\"async\" class=\"alignnone  wp-image-7284\" src=\"https:\/\/smwroclaw.pl\/wp-content\/uploads\/2019\/06\/64451026_716146612138497_3521522502935248896_n-300x188.jpg\" alt=\"\" width=\"360\" height=\"226\" srcset=\"https:\/\/smwroclaw.pl\/wp-content\/uploads\/2019\/06\/64451026_716146612138497_3521522502935248896_n-300x188.jpg 300w, https:\/\/smwroclaw.pl\/wp-content\/uploads\/2019\/06\/64451026_716146612138497_3521522502935248896_n-768x480.jpg 768w, https:\/\/smwroclaw.pl\/wp-content\/uploads\/2019\/06\/64451026_716146612138497_3521522502935248896_n.jpg 792w\" sizes=\"(max-width: 360px) 100vw, 360px\" \/><img decoding=\"async\" class=\"alignnone  wp-image-7232\" src=\"https:\/\/smwroclaw.pl\/wp-content\/uploads\/2019\/06\/5848741452206764269-169x300.jpg\" alt=\"\" width=\"198\" height=\"352\" srcset=\"https:\/\/smwroclaw.pl\/wp-content\/uploads\/2019\/06\/5848741452206764269-169x300.jpg 169w, https:\/\/smwroclaw.pl\/wp-content\/uploads\/2019\/06\/5848741452206764269.jpg 398w\" sizes=\"(max-width: 198px) 100vw, 198px\" \/><img decoding=\"async\" class=\"alignnone size-medium wp-image-6877\" src=\"https:\/\/smwroclaw.pl\/wp-content\/uploads\/2019\/05\/PART_1558079486204_PART_1558079315670-300x168.jpg\" alt=\"\" width=\"300\" height=\"168\" srcset=\"https:\/\/smwroclaw.pl\/wp-content\/uploads\/2019\/05\/PART_1558079486204_PART_1558079315670-300x168.jpg 300w, https:\/\/smwroclaw.pl\/wp-content\/uploads\/2019\/05\/PART_1558079486204_PART_1558079315670.jpg 555w\" sizes=\"(max-width: 300px) 100vw, 300px\" \/><img loading=\"lazy\" decoding=\"async\" class=\"alignnone size-medium wp-image-4142\" src=\"https:\/\/smwroclaw.pl\/wp-content\/uploads\/2018\/10\/44326138_275614183084799_6383668737391722496_n-300x150.jpg\" alt=\"\" width=\"300\" height=\"150\" srcset=\"https:\/\/smwroclaw.pl\/wp-content\/uploads\/2018\/10\/44326138_275614183084799_6383668737391722496_n-300x150.jpg 300w, https:\/\/smwroclaw.pl\/wp-content\/uploads\/2018\/10\/44326138_275614183084799_6383668737391722496_n-768x384.jpg 768w, https:\/\/smwroclaw.pl\/wp-content\/uploads\/2018\/10\/44326138_275614183084799_6383668737391722496_n.jpg 1600w\" sizes=\"(max-width: 300px) 100vw, 300px\" \/><img loading=\"lazy\" decoding=\"async\" class=\"alignnone size-medium wp-image-3916\" src=\"https:\/\/smwroclaw.pl\/wp-content\/uploads\/2018\/10\/IMG_2900-300x200.jpg\" alt=\"\" width=\"300\" height=\"200\" srcset=\"https:\/\/smwroclaw.pl\/wp-content\/uploads\/2018\/10\/IMG_2900-300x200.jpg 300w, https:\/\/smwroclaw.pl\/wp-content\/uploads\/2018\/10\/IMG_2900-768x512.jpg 768w\" sizes=\"(max-width: 300px) 100vw, 300px\" \/><img loading=\"lazy\" decoding=\"async\" class=\"alignnone size-medium wp-image-3914\" src=\"https:\/\/smwroclaw.pl\/wp-content\/uploads\/2018\/10\/14741197_1288434767873627_806910700_n-300x200.jpg\" alt=\"\" width=\"300\" height=\"200\" srcset=\"https:\/\/smwroclaw.pl\/wp-content\/uploads\/2018\/10\/14741197_1288434767873627_806910700_n-300x200.jpg 300w, https:\/\/smwroclaw.pl\/wp-content\/uploads\/2018\/10\/14741197_1288434767873627_806910700_n-768x512.jpg 768w, https:\/\/smwroclaw.pl\/wp-content\/uploads\/2018\/10\/14741197_1288434767873627_806910700_n.jpg 960w\" sizes=\"(max-width: 300px) 100vw, 300px\" \/><\/p>\n<p>BD<\/p>\n","protected":false},"excerpt":{"rendered":"<p>W styczniu mijaj\u0105 cztery lata od kiedy Stra\u017c Miejska Wroc\u0142awia realizuje program \u201eMiniRatownik\u201d. Postawili\u015bmy sobie za cel wykszta\u0142cenie naszych najm\u0142odszych w\u0142a\u015bnie w kierunku udzielania pierwszej pomocy. Dzi\u015b robimy podsumowanie roku 2019. Przeszkolili\u015bmy w tym czasie ponad 10000 os\u00f3b z 65 plac\u00f3wek. Zaj\u0119cia by\u0142y realizowane w r\u00f3\u017cnych grupach wiekowych, pocz\u0105wszy od \u017c\u0142obka. Najwi\u0119ksza ilo\u015b\u0107 zaj\u0119\u0107 odby\u0142a [&hellip;]<\/p>\n","protected":false},"author":7,"featured_media":8585,"comment_status":"closed","ping_status":"closed","sticky":false,"template":"","format":"standard","meta":{"footnotes":""},"categories":[16],"tags":[],"class_list":["post-9724","post","type-post","status-publish","format-standard","has-post-thumbnail","hentry","category-aktual"],"_links":{"self":[{"href":"https:\/\/smwroclaw.pl\/index.php?rest_route=\/wp\/v2\/posts\/9724","targetHints":{"allow":["GET"]}}],"collection":[{"href":"https:\/\/smwroclaw.pl\/index.php?rest_route=\/wp\/v2\/posts"}],"about":[{"href":"https:\/\/smwroclaw.pl\/index.php?rest_route=\/wp\/v2\/types\/post"}],"author":[{"embeddable":true,"href":"https:\/\/smwroclaw.pl\/index.php?rest_route=\/wp\/v2\/users\/7"}],"replies":[{"embeddable":true,"href":"https:\/\/smwroclaw.pl\/index.php?rest_route=%2Fwp%2Fv2%2Fcomments&post=9724"}],"version-history":[{"count":4,"href":"https:\/\/smwroclaw.pl\/index.php?rest_route=\/wp\/v2\/posts\/9724\/revisions"}],"predecessor-version":[{"id":9728,"href":"https:\/\/smwroclaw.pl\/index.php?rest_route=\/wp\/v2\/posts\/9724\/revisions\/9728"}],"wp:featuredmedia":[{"embeddable":true,"href":"https:\/\/smwroclaw.pl\/index.php?rest_route=\/wp\/v2\/media\/8585"}],"wp:attachment":[{"href":"https:\/\/smwroclaw.pl\/index.php?rest_route=%2Fwp%2Fv2%2Fmedia&parent=9724"}],"wp:term":[{"taxonomy":"category","embeddable":true,"href":"https:\/\/smwroclaw.pl\/index.php?rest_route=%2Fwp%2Fv2%2Fcategories&post=9724"},{"taxonomy":"post_tag","embeddable":true,"href":"https:\/\/smwroclaw.pl\/index.php?rest_route=%2Fwp%2Fv2%2Ftags&post=9724"}],"curies":[{"name":"wp","href":"https:\/\/api.w.org\/{rel}","templated":true}]}}