{"id":9889,"date":"2020-01-28T14:33:40","date_gmt":"2020-01-28T13:33:40","guid":{"rendered":"http:\/\/smwroclaw.pl\/?p=9889"},"modified":"2020-01-29T08:50:13","modified_gmt":"2020-01-29T07:50:13","slug":"nieprzyzwoite-tresci-w-przestrzeni-publicznej-sad-okregowy-wydal-prawomocny-wyrok-czytaj-dalej","status":"publish","type":"post","link":"https:\/\/smwroclaw.pl\/?p=9889","title":{"rendered":"NIEPRZYZWOITE TRE\u015aCI W PRZESTRZENI PUBLICZNEJ &#8211; S\u0105d Okr\u0119gowy wyda\u0142 prawomocny wyrok (czytaj dalej)"},"content":{"rendered":"<p style=\"text-align: justify;\"><span style=\"font-family: georgia, palatino, serif; font-size: 12pt;\"><strong>Umieszczanie w miejscu publicznym plakatu, b\u0105d\u017a billboardu, og\u0142oszenia, rysunku czy innego \u015brodka przekazu, jak cho\u0107by no\u015bnika elektronicznego, ukazuj\u0105cych rozcz\u0142onkowany, zakrwawiony p\u0142\u00f3d ludzki, jest czynem zabronionym jako wykroczenie\u00a0<\/strong> z art. 141 ustawy Kodeks wykrocze\u0144 i podlega karze ograniczenia wolno\u015bci, grzywny do 1500 z\u0142otych albo karze nagany.<\/span><\/p>\n<p style=\"text-align: justify;\"><span style=\"font-family: georgia, palatino, serif; font-size: 12pt;\">\u00a0\u00a0\u00a0\u00a0\u00a0\u00a0\u00a0\u00a0 Opisana tre\u015b\u0107 w postaci martwego p\u0142odu ludzkiego niew\u0105tpliwie spe\u0142nia kryteria nieprzyzwoito\u015bci. Okre\u015blenie \u201enieprzyzwoity\u201d to okre\u015blenie nieostre, podobnie jak wiele okre\u015ble\u0144 u\u017cywanych w Kodeksie wykrocze\u0144 (np. \u201enieobyczajny\u201d, \u201ez\u0142o\u015bliwie\u201d). Jednak, jak si\u0119 wydaje, uznanie czego\u015b za nieprzyzwoite zale\u017cy w wi\u0119kszym stopniu ni\u017c w przypadku innych, wyst\u0119puj\u0105cych w Kodeksie wykrocze\u0144, znamion nieostrych, od wra\u017cliwo\u015bci oceniaj\u0105cego. Okre\u015blenie \u201enieprzyzwoity\u201d cechuje si\u0119 bowiem \u2013 w rozumieniu potocznym \u2013 mniejszym zabarwieniem negatywnym ni\u017c np. okre\u015blenie \u201ez\u0142o\u015bliwie\u201d.<\/span><\/p>\n<p style=\"text-align: justify;\"><span style=\"font-family: georgia, palatino, serif; font-size: 12pt;\"><!--more--><\/span><\/p>\n<p style=\"text-align: justify;\"><span style=\"font-family: georgia, palatino, serif; font-size: 12pt;\">\u00a0\u00a0\u00a0\u00a0\u00a0\u00a0\u00a0\u00a0 Z pewno\u015bci\u0105 spos\u00f3b postrzegania pewnych tre\u015bci za niedopuszczalne w przestrzeni publicznej ewoluuje i zmienia si\u0119 na przestrzeni wiek\u00f3w, czy nawet dziesi\u0119cioleci. Obrazy, kt\u00f3re kiedy\u015b nie szokowa\u0142y, nie powodowa\u0142y powszechnego sprzeciwu, jak wystawianie na widok publiczny zw\u0142ok skaza\u0144c\u00f3w, ch\u0142osta przy pr\u0119gierzu, czy widok cz\u0142owieka zakutego w dyby, obecnie by\u0142yby uznane za niedopuszczalne, budzi\u0142yby \u2013 w zale\u017cno\u015bci od indywidualnej wra\u017cliwo\u015bci cz\u0142owieka \u2013 odraz\u0119, obrzydzenie, zgorszenie, oburzenie, niesmak, obaw\u0119, strach czy nawet traum\u0119.<\/span><\/p>\n<p style=\"text-align: justify;\"><span style=\"font-family: georgia, palatino, serif; font-size: 12pt;\">\u00a0\u00a0\u00a0\u00a0\u00a0\u00a0\u00a0\u00a0 Efekt zmiany wra\u017cliwo\u015bci spo\u0142ecze\u0144stwa potwierdza badanie przeprowadzone przez pracowni\u0119 IPSOS we wrze\u015bniu 2018 roku (\u201e<em>Badanie opinii dotycz\u0105ce stosunku do przerywania ci\u0105\u017cy<\/em>\u201d), w wyniku kt\u00f3rego 83% ankietowanych oceni\u0142o negatywnie umieszczanie w przestrzeni publicznej, g\u0142\u00f3wnie w okolicach szpitali, szk\u00f3\u0142 i przedszkoli, drastycznych zdj\u0119\u0107 rozcz\u0142onkowanych p\u0142od\u00f3w.<\/span><\/p>\n<p style=\"text-align: justify;\"><span style=\"font-family: georgia, palatino, serif; font-size: 12pt;\">\u00a0\u00a0\u00a0\u00a0\u00a0\u00a0\u00a0\u00a0 <strong>Dlatego, bior\u0105c pod uwag\u0119 nieprzyzwoito\u015b\u0107 obrazu ukazuj\u0105cego martwy p\u0142\u00f3d ludzki, p\u0142\u00f3d rozcz\u0142onkowany, zakrwawiony, przy jednoczesnym uwzgl\u0119dnieniu, i\u017c w naszym kr\u0119gu kulturowym nieakceptowalne jest ukazywanie ludzkich zw\u0142ok, Stra\u017c Miejska Wroc\u0142awia wyst\u0105pi\u0142a z wnioskiem o ukaranie przeciwko m\u0119\u017cczy\u017anie, kt\u00f3ry we Wroc\u0142awiu przy skrzy\u017cowaniu dw\u00f3ch ulic o du\u017cym nat\u0119\u017ceniu ruchu umie\u015bci\u0142 billboard, na kt\u00f3rym ukazany by\u0142 abortowany p\u0142\u00f3d.<\/strong><\/span><\/p>\n<p style=\"text-align: justify;\"><span style=\"font-family: georgia, palatino, serif; font-size: 12pt;\">\u00a0\u00a0\u00a0\u00a0\u00a0\u00a0\u00a0\u00a0 Niezale\u017cnie od pogl\u0105d\u00f3w osoby, kt\u00f3ra go tam umie\u015bci\u0142a, oraz w oderwaniu od tego, czy przez niekt\u00f3re osoby jest on w tym dzia\u0142aniu popierany, nale\u017cy obiektywnie stwierdzi\u0107, i\u017c na billboardzie tym widnia\u0142a wyj\u0105tkowo drastyczna tre\u015b\u0107, kt\u00f3ra nie powinna si\u0119 tam znale\u017a\u0107.<\/span><\/p>\n<p style=\"text-align: justify;\"><span style=\"font-family: georgia, palatino, serif; font-size: 12pt;\">\u00a0\u00a0\u00a0\u00a0\u00a0\u00a0\u00a0\u00a0 <strong>S\u0142uszno\u015b\u0107 takiego pogl\u0105du potwierdzi\u0142 w prawomocnym wyroku S\u0105d Okr\u0119gowy we Wroc\u0142awiu IV Wydzia\u0142 Karny Odwo\u0142awczy, kt\u00f3ry na rozprawie w dniu 23 stycznia 2020 roku, w sprawie o sygnaturze akt IV Ka 1564\/19, utrzyma\u0142 w mocy wyrok S\u0105du Rejonowego dla Wroc\u0142awia-Krzyk\u00f3w V Wydzia\u0142 Karny z dnia 25 wrze\u015bnia 2019 roku (sygn. akt V W 121\/19) co do winy obwinionego.<\/strong><\/span><\/p>\n<p>P.Sz.<\/p>\n","protected":false},"excerpt":{"rendered":"<p>Umieszczanie w miejscu publicznym plakatu, b\u0105d\u017a billboardu, og\u0142oszenia, rysunku czy innego \u015brodka przekazu, jak cho\u0107by no\u015bnika elektronicznego, ukazuj\u0105cych rozcz\u0142onkowany, zakrwawiony p\u0142\u00f3d ludzki, jest czynem zabronionym jako wykroczenie\u00a0 z art. 141 ustawy Kodeks wykrocze\u0144 i podlega karze ograniczenia wolno\u015bci, grzywny do 1500 z\u0142otych albo karze nagany. \u00a0\u00a0\u00a0\u00a0\u00a0\u00a0\u00a0\u00a0 Opisana tre\u015b\u0107 w postaci martwego p\u0142odu ludzkiego niew\u0105tpliwie spe\u0142nia [&hellip;]<\/p>\n","protected":false},"author":4,"featured_media":9894,"comment_status":"closed","ping_status":"closed","sticky":false,"template":"","format":"standard","meta":{"footnotes":""},"categories":[16],"tags":[],"class_list":["post-9889","post","type-post","status-publish","format-standard","has-post-thumbnail","hentry","category-aktual"],"_links":{"self":[{"href":"https:\/\/smwroclaw.pl\/index.php?rest_route=\/wp\/v2\/posts\/9889","targetHints":{"allow":["GET"]}}],"collection":[{"href":"https:\/\/smwroclaw.pl\/index.php?rest_route=\/wp\/v2\/posts"}],"about":[{"href":"https:\/\/smwroclaw.pl\/index.php?rest_route=\/wp\/v2\/types\/post"}],"author":[{"embeddable":true,"href":"https:\/\/smwroclaw.pl\/index.php?rest_route=\/wp\/v2\/users\/4"}],"replies":[{"embeddable":true,"href":"https:\/\/smwroclaw.pl\/index.php?rest_route=%2Fwp%2Fv2%2Fcomments&post=9889"}],"version-history":[{"count":5,"href":"https:\/\/smwroclaw.pl\/index.php?rest_route=\/wp\/v2\/posts\/9889\/revisions"}],"predecessor-version":[{"id":9895,"href":"https:\/\/smwroclaw.pl\/index.php?rest_route=\/wp\/v2\/posts\/9889\/revisions\/9895"}],"wp:featuredmedia":[{"embeddable":true,"href":"https:\/\/smwroclaw.pl\/index.php?rest_route=\/wp\/v2\/media\/9894"}],"wp:attachment":[{"href":"https:\/\/smwroclaw.pl\/index.php?rest_route=%2Fwp%2Fv2%2Fmedia&parent=9889"}],"wp:term":[{"taxonomy":"category","embeddable":true,"href":"https:\/\/smwroclaw.pl\/index.php?rest_route=%2Fwp%2Fv2%2Fcategories&post=9889"},{"taxonomy":"post_tag","embeddable":true,"href":"https:\/\/smwroclaw.pl\/index.php?rest_route=%2Fwp%2Fv2%2Ftags&post=9889"}],"curies":[{"name":"wp","href":"https:\/\/api.w.org\/{rel}","templated":true}]}}